{"id":3059,"date":"2025-12-02T11:19:45","date_gmt":"2025-12-02T10:19:45","guid":{"rendered":"https:\/\/www.radiomais.ao\/?p=3059"},"modified":"2025-12-02T11:19:45","modified_gmt":"2025-12-02T10:19:45","slug":"executivo-defende-reforco-da-identificacao-civil-como-prioridade-no-oge-2026","status":"publish","type":"post","link":"https:\/\/www.radiomais.ao\/index.php\/2025\/12\/02\/executivo-defende-reforco-da-identificacao-civil-como-prioridade-no-oge-2026\/","title":{"rendered":"Executivo defende refor\u00e7o da identifica\u00e7\u00e3o civil como prioridade no OGE 2026."},"content":{"rendered":"\n<p><strong>Durante o debate na especialidade, nesta segunda-feira, 1, sobre o or\u00e7amento Geral do estado 2026, o executivo defendeu que a amplia\u00e7\u00e3o do sistema de identifica\u00e7\u00e3o civil de cidad\u00e3os maiores ser\u00e1 uma das medidas estruturantes do pr\u00f3ximo exerc\u00edcio econ\u00f3mico, com vista a garantir maior cobertura nacional e prepara\u00e7\u00e3o \u00e0 altura do pr\u00f3ximo ciclo eleitoral. A medida inclui equipas m\u00f3veis, expans\u00e3o das comunica\u00e7\u00f5es electr\u00f3nicas em zonas remotas e a disponibiliza\u00e7\u00e3o de meios rolantes adicionais atrav\u00e9s do proTAC, a fim de assegurar a efici\u00eancia e a rapidez na identifica\u00e7\u00e3o em todo o territ\u00f3rio naciona<\/strong>l. Fonte <strong><em><a href=\"https:\/\/www.opais.ao\/politica\/executivo-defende-reforco-da-identificacao-civil-como-prioridade-no-oge-2026\/\">Opa\u00eds<\/a><\/em><\/strong><\/p>\n","protected":false},"excerpt":{"rendered":"<p>Durante o debate na especialidade, nesta segunda-feira, 1, sobre o or\u00e7amento Geral do estado 2026, o executivo defendeu que a amplia\u00e7\u00e3o do sistema de identifica\u00e7\u00e3o civil de cidad\u00e3os maiores ser\u00e1 uma das medidas estruturantes do pr\u00f3ximo exerc\u00edcio econ\u00f3mico, com vista a garantir maior cobertura nacional e prepara\u00e7\u00e3o \u00e0 altura do pr\u00f3ximo ciclo eleitoral. A medida [&hellip;]<\/p>\n","protected":false},"author":3,"featured_media":3060,"comment_status":"open","ping_status":"open","sticky":false,"template":"","format":"standard","meta":{"footnotes":""},"categories":[16],"tags":[199,1178],"class_list":["post-3059","post","type-post","status-publish","format-standard","has-post-thumbnail","hentry","category-actualidade","tag-executivo","tag-prioridade"],"blocksy_meta":[],"_links":{"self":[{"href":"https:\/\/www.radiomais.ao\/index.php\/wp-json\/wp\/v2\/posts\/3059","targetHints":{"allow":["GET"]}}],"collection":[{"href":"https:\/\/www.radiomais.ao\/index.php\/wp-json\/wp\/v2\/posts"}],"about":[{"href":"https:\/\/www.radiomais.ao\/index.php\/wp-json\/wp\/v2\/types\/post"}],"author":[{"embeddable":true,"href":"https:\/\/www.radiomais.ao\/index.php\/wp-json\/wp\/v2\/users\/3"}],"replies":[{"embeddable":true,"href":"https:\/\/www.radiomais.ao\/index.php\/wp-json\/wp\/v2\/comments?post=3059"}],"version-history":[{"count":1,"href":"https:\/\/www.radiomais.ao\/index.php\/wp-json\/wp\/v2\/posts\/3059\/revisions"}],"predecessor-version":[{"id":3061,"href":"https:\/\/www.radiomais.ao\/index.php\/wp-json\/wp\/v2\/posts\/3059\/revisions\/3061"}],"wp:featuredmedia":[{"embeddable":true,"href":"https:\/\/www.radiomais.ao\/index.php\/wp-json\/wp\/v2\/media\/3060"}],"wp:attachment":[{"href":"https:\/\/www.radiomais.ao\/index.php\/wp-json\/wp\/v2\/media?parent=3059"}],"wp:term":[{"taxonomy":"category","embeddable":true,"href":"https:\/\/www.radiomais.ao\/index.php\/wp-json\/wp\/v2\/categories?post=3059"},{"taxonomy":"post_tag","embeddable":true,"href":"https:\/\/www.radiomais.ao\/index.php\/wp-json\/wp\/v2\/tags?post=3059"}],"curies":[{"name":"wp","href":"https:\/\/api.w.org\/{rel}","templated":true}]}}