{"id":3062,"date":"2025-12-02T11:23:28","date_gmt":"2025-12-02T10:23:28","guid":{"rendered":"https:\/\/www.radiomais.ao\/?p=3062"},"modified":"2025-12-02T11:23:28","modified_gmt":"2025-12-02T10:23:28","slug":"mara-quiosa-eleita-personalidade-politica-do-ano-de-2025","status":"publish","type":"post","link":"https:\/\/www.radiomais.ao\/index.php\/2025\/12\/02\/mara-quiosa-eleita-personalidade-politica-do-ano-de-2025\/","title":{"rendered":"Mara Quiosa eleita personalidade pol\u00edtica do ano de 2025."},"content":{"rendered":"\n<p>A cerim\u00f3nia, que reuniu dirigentes, figuras p\u00fablicas e representantes de diversos sectores, destacou o seu contributo para a administra\u00e7\u00e3o p\u00fablica, a defesa das causas sociais e a promo\u00e7\u00e3o de pol\u00edticas de impacto nacional. Fonte <strong><em><a href=\"https:\/\/www.opais.ao\/politica\/mara-quiosa-eleita-personalidade-politica-do-ano-de-2025\/\">Opa\u00eds<\/a><\/em><\/strong><\/p>\n","protected":false},"excerpt":{"rendered":"<p>A cerim\u00f3nia, que reuniu dirigentes, figuras p\u00fablicas e representantes de diversos sectores, destacou o seu contributo para a administra\u00e7\u00e3o p\u00fablica, a defesa das causas sociais e a promo\u00e7\u00e3o de pol\u00edticas de impacto nacional. Fonte Opa\u00eds<\/p>\n","protected":false},"author":3,"featured_media":3063,"comment_status":"open","ping_status":"open","sticky":false,"template":"","format":"standard","meta":{"footnotes":""},"categories":[16],"tags":[234,1179],"class_list":["post-3062","post","type-post","status-publish","format-standard","has-post-thumbnail","hentry","category-actualidade","tag-mara-quiosa","tag-personalidade-do-ano"],"blocksy_meta":[],"_links":{"self":[{"href":"https:\/\/www.radiomais.ao\/index.php\/wp-json\/wp\/v2\/posts\/3062","targetHints":{"allow":["GET"]}}],"collection":[{"href":"https:\/\/www.radiomais.ao\/index.php\/wp-json\/wp\/v2\/posts"}],"about":[{"href":"https:\/\/www.radiomais.ao\/index.php\/wp-json\/wp\/v2\/types\/post"}],"author":[{"embeddable":true,"href":"https:\/\/www.radiomais.ao\/index.php\/wp-json\/wp\/v2\/users\/3"}],"replies":[{"embeddable":true,"href":"https:\/\/www.radiomais.ao\/index.php\/wp-json\/wp\/v2\/comments?post=3062"}],"version-history":[{"count":1,"href":"https:\/\/www.radiomais.ao\/index.php\/wp-json\/wp\/v2\/posts\/3062\/revisions"}],"predecessor-version":[{"id":3064,"href":"https:\/\/www.radiomais.ao\/index.php\/wp-json\/wp\/v2\/posts\/3062\/revisions\/3064"}],"wp:featuredmedia":[{"embeddable":true,"href":"https:\/\/www.radiomais.ao\/index.php\/wp-json\/wp\/v2\/media\/3063"}],"wp:attachment":[{"href":"https:\/\/www.radiomais.ao\/index.php\/wp-json\/wp\/v2\/media?parent=3062"}],"wp:term":[{"taxonomy":"category","embeddable":true,"href":"https:\/\/www.radiomais.ao\/index.php\/wp-json\/wp\/v2\/categories?post=3062"},{"taxonomy":"post_tag","embeddable":true,"href":"https:\/\/www.radiomais.ao\/index.php\/wp-json\/wp\/v2\/tags?post=3062"}],"curies":[{"name":"wp","href":"https:\/\/api.w.org\/{rel}","templated":true}]}}