{"id":3065,"date":"2025-12-02T11:27:02","date_gmt":"2025-12-02T10:27:02","guid":{"rendered":"https:\/\/www.radiomais.ao\/?p=3065"},"modified":"2025-12-02T11:27:02","modified_gmt":"2025-12-02T10:27:02","slug":"ministro-do-interior-trabalha-no-moxico","status":"publish","type":"post","link":"https:\/\/www.radiomais.ao\/index.php\/2025\/12\/02\/ministro-do-interior-trabalha-no-moxico\/","title":{"rendered":"Ministro do Interior trabalha no Moxico."},"content":{"rendered":"\n<p>Uma delega\u00e7\u00e3o do Minist\u00e9rio do Interior, chefiada pelo ministro Manuel Homem, chegou na manh\u00e3 desta segunda-feira, 1.\u00ba de Dezembro, \u00e0 prov\u00edncia do Moxico, onde dever\u00e1 cumprir uma agenda de trabalho de dois dias. Fonte<strong><em><a href=\"https:\/\/www.opais.ao\/politica\/ministro-do-interior-trabalha-no-moxico\/\"> Opa\u00eds<\/a><\/em><\/strong><\/p>\n","protected":false},"excerpt":{"rendered":"<p>Uma delega\u00e7\u00e3o do Minist\u00e9rio do Interior, chefiada pelo ministro Manuel Homem, chegou na manh\u00e3 desta segunda-feira, 1.\u00ba de Dezembro, \u00e0 prov\u00edncia do Moxico, onde dever\u00e1 cumprir uma agenda de trabalho de dois dias. Fonte Opa\u00eds<\/p>\n","protected":false},"author":3,"featured_media":3066,"comment_status":"open","ping_status":"open","sticky":false,"template":"","format":"standard","meta":{"footnotes":""},"categories":[16],"tags":[1163,201,1180],"class_list":["post-3065","post","type-post","status-publish","format-standard","has-post-thumbnail","hentry","category-actualidade","tag-ministro-do-interior","tag-moxico","tag-trabalha"],"blocksy_meta":[],"_links":{"self":[{"href":"https:\/\/www.radiomais.ao\/index.php\/wp-json\/wp\/v2\/posts\/3065","targetHints":{"allow":["GET"]}}],"collection":[{"href":"https:\/\/www.radiomais.ao\/index.php\/wp-json\/wp\/v2\/posts"}],"about":[{"href":"https:\/\/www.radiomais.ao\/index.php\/wp-json\/wp\/v2\/types\/post"}],"author":[{"embeddable":true,"href":"https:\/\/www.radiomais.ao\/index.php\/wp-json\/wp\/v2\/users\/3"}],"replies":[{"embeddable":true,"href":"https:\/\/www.radiomais.ao\/index.php\/wp-json\/wp\/v2\/comments?post=3065"}],"version-history":[{"count":1,"href":"https:\/\/www.radiomais.ao\/index.php\/wp-json\/wp\/v2\/posts\/3065\/revisions"}],"predecessor-version":[{"id":3067,"href":"https:\/\/www.radiomais.ao\/index.php\/wp-json\/wp\/v2\/posts\/3065\/revisions\/3067"}],"wp:featuredmedia":[{"embeddable":true,"href":"https:\/\/www.radiomais.ao\/index.php\/wp-json\/wp\/v2\/media\/3066"}],"wp:attachment":[{"href":"https:\/\/www.radiomais.ao\/index.php\/wp-json\/wp\/v2\/media?parent=3065"}],"wp:term":[{"taxonomy":"category","embeddable":true,"href":"https:\/\/www.radiomais.ao\/index.php\/wp-json\/wp\/v2\/categories?post=3065"},{"taxonomy":"post_tag","embeddable":true,"href":"https:\/\/www.radiomais.ao\/index.php\/wp-json\/wp\/v2\/tags?post=3065"}],"curies":[{"name":"wp","href":"https:\/\/api.w.org\/{rel}","templated":true}]}}