{"id":3071,"date":"2025-12-02T11:34:21","date_gmt":"2025-12-02T10:34:21","guid":{"rendered":"https:\/\/www.radiomais.ao\/?p=3071"},"modified":"2025-12-02T11:34:21","modified_gmt":"2025-12-02T10:34:21","slug":"governo-deixa-cair-privados-na-atribuicao-de-autocarros-para-servico-publico","status":"publish","type":"post","link":"https:\/\/www.radiomais.ao\/index.php\/2025\/12\/02\/governo-deixa-cair-privados-na-atribuicao-de-autocarros-para-servico-publico\/","title":{"rendered":"Governo \u201cdeixa cair\u201d privados na atribui\u00e7\u00e3o de autocarros para servi\u00e7o p\u00fablico."},"content":{"rendered":"\n<p>O ministro dos Transportes, Ricardo D\u2019 Abreu, avan\u00e7ou, nesta segunda-feira, 1, que o governo vai deixar de distribuir autocarros aos privados e v\u00e3o ser os entes eminentemente p\u00fablicos que v\u00e3o assumir a gest\u00e3o dos transportes p\u00fablicos, com esp\u00edrito de sustentabilidade e prolongamento do tempo de vida dos meios. Entretanto, esclareceu que o governo poder\u00e1 dar autocarros a privados, mas, no novo modelo, t\u00eam de necessariamente pagar. Fonte <strong><em><a href=\"https:\/\/www.opais.ao\/economia\/governo-deixa-cair-privados-na-atribuicao-de-autocarros-para-servico-publico\/\">Opa\u00eds<\/a><\/em><\/strong><\/p>\n","protected":false},"excerpt":{"rendered":"<p>O ministro dos Transportes, Ricardo D\u2019 Abreu, avan\u00e7ou, nesta segunda-feira, 1, que o governo vai deixar de distribuir autocarros aos privados e v\u00e3o ser os entes eminentemente p\u00fablicos que v\u00e3o assumir a gest\u00e3o dos transportes p\u00fablicos, com esp\u00edrito de sustentabilidade e prolongamento do tempo de vida dos meios. Entretanto, esclareceu que o governo poder\u00e1 dar [&hellip;]<\/p>\n","protected":false},"author":3,"featured_media":3072,"comment_status":"open","ping_status":"open","sticky":false,"template":"","format":"standard","meta":{"footnotes":""},"categories":[16],"tags":[1186,1185,312],"class_list":["post-3071","post","type-post","status-publish","format-standard","has-post-thumbnail","hentry","category-actualidade","tag-atribuicao-de-autocarros","tag-exclui-privados","tag-governo"],"blocksy_meta":[],"_links":{"self":[{"href":"https:\/\/www.radiomais.ao\/index.php\/wp-json\/wp\/v2\/posts\/3071","targetHints":{"allow":["GET"]}}],"collection":[{"href":"https:\/\/www.radiomais.ao\/index.php\/wp-json\/wp\/v2\/posts"}],"about":[{"href":"https:\/\/www.radiomais.ao\/index.php\/wp-json\/wp\/v2\/types\/post"}],"author":[{"embeddable":true,"href":"https:\/\/www.radiomais.ao\/index.php\/wp-json\/wp\/v2\/users\/3"}],"replies":[{"embeddable":true,"href":"https:\/\/www.radiomais.ao\/index.php\/wp-json\/wp\/v2\/comments?post=3071"}],"version-history":[{"count":1,"href":"https:\/\/www.radiomais.ao\/index.php\/wp-json\/wp\/v2\/posts\/3071\/revisions"}],"predecessor-version":[{"id":3073,"href":"https:\/\/www.radiomais.ao\/index.php\/wp-json\/wp\/v2\/posts\/3071\/revisions\/3073"}],"wp:featuredmedia":[{"embeddable":true,"href":"https:\/\/www.radiomais.ao\/index.php\/wp-json\/wp\/v2\/media\/3072"}],"wp:attachment":[{"href":"https:\/\/www.radiomais.ao\/index.php\/wp-json\/wp\/v2\/media?parent=3071"}],"wp:term":[{"taxonomy":"category","embeddable":true,"href":"https:\/\/www.radiomais.ao\/index.php\/wp-json\/wp\/v2\/categories?post=3071"},{"taxonomy":"post_tag","embeddable":true,"href":"https:\/\/www.radiomais.ao\/index.php\/wp-json\/wp\/v2\/tags?post=3071"}],"curies":[{"name":"wp","href":"https:\/\/api.w.org\/{rel}","templated":true}]}}