{"id":3074,"date":"2025-12-02T11:38:52","date_gmt":"2025-12-02T10:38:52","guid":{"rendered":"https:\/\/www.radiomais.ao\/?p=3074"},"modified":"2025-12-02T11:38:52","modified_gmt":"2025-12-02T10:38:52","slug":"agl-diz-que-trabalhadores-tem-sido-alvos-de-pressoes-e-ameacas","status":"publish","type":"post","link":"https:\/\/www.radiomais.ao\/index.php\/2025\/12\/02\/agl-diz-que-trabalhadores-tem-sido-alvos-de-pressoes-e-ameacas\/","title":{"rendered":"AGL diz que trabalhadores t\u00eam sido alvos de \u201cpress\u00f5es e amea\u00e7as\u201d."},"content":{"rendered":"\n<p>AGL, por via da sua subsidi\u00e1ria, veio a p\u00fablico, ao cair do dia de segunda-feira, 01, reagir \u00e0 posi\u00e7\u00e3o dos trabalhadores, que estudam a possibilidade de paralisar as suas actividades e acusa-os de estarem a ser alvos de press\u00f5es e amea\u00e7as, sm, no entanto, apontar quem seriam os autores. Direc\u00e7\u00e3o da empresa repudia esse tipo de comportamento, por violar princ\u00edpios \u00e9ticos. Fonte <strong><em><a href=\"https:\/\/www.opais.ao\/ultimas_hora\/agl-diz-que-trabalhadores-tem-sido-alvos-de-pressoes-e-ameacas\/\">Opa\u00eds.<\/a><\/em><\/strong><\/p>\n","protected":false},"excerpt":{"rendered":"<p>AGL, por via da sua subsidi\u00e1ria, veio a p\u00fablico, ao cair do dia de segunda-feira, 01, reagir \u00e0 posi\u00e7\u00e3o dos trabalhadores, que estudam a possibilidade de paralisar as suas actividades e acusa-os de estarem a ser alvos de press\u00f5es e amea\u00e7as, sm, no entanto, apontar quem seriam os autores. Direc\u00e7\u00e3o da empresa repudia esse tipo [&hellip;]<\/p>\n","protected":false},"author":3,"featured_media":3075,"comment_status":"open","ping_status":"open","sticky":false,"template":"","format":"standard","meta":{"footnotes":""},"categories":[16],"tags":[1187,1188,1046],"class_list":["post-3074","post","type-post","status-publish","format-standard","has-post-thumbnail","hentry","category-actualidade","tag-agl","tag-ameacas","tag-trabalhadores"],"blocksy_meta":[],"_links":{"self":[{"href":"https:\/\/www.radiomais.ao\/index.php\/wp-json\/wp\/v2\/posts\/3074","targetHints":{"allow":["GET"]}}],"collection":[{"href":"https:\/\/www.radiomais.ao\/index.php\/wp-json\/wp\/v2\/posts"}],"about":[{"href":"https:\/\/www.radiomais.ao\/index.php\/wp-json\/wp\/v2\/types\/post"}],"author":[{"embeddable":true,"href":"https:\/\/www.radiomais.ao\/index.php\/wp-json\/wp\/v2\/users\/3"}],"replies":[{"embeddable":true,"href":"https:\/\/www.radiomais.ao\/index.php\/wp-json\/wp\/v2\/comments?post=3074"}],"version-history":[{"count":1,"href":"https:\/\/www.radiomais.ao\/index.php\/wp-json\/wp\/v2\/posts\/3074\/revisions"}],"predecessor-version":[{"id":3076,"href":"https:\/\/www.radiomais.ao\/index.php\/wp-json\/wp\/v2\/posts\/3074\/revisions\/3076"}],"wp:featuredmedia":[{"embeddable":true,"href":"https:\/\/www.radiomais.ao\/index.php\/wp-json\/wp\/v2\/media\/3075"}],"wp:attachment":[{"href":"https:\/\/www.radiomais.ao\/index.php\/wp-json\/wp\/v2\/media?parent=3074"}],"wp:term":[{"taxonomy":"category","embeddable":true,"href":"https:\/\/www.radiomais.ao\/index.php\/wp-json\/wp\/v2\/categories?post=3074"},{"taxonomy":"post_tag","embeddable":true,"href":"https:\/\/www.radiomais.ao\/index.php\/wp-json\/wp\/v2\/tags?post=3074"}],"curies":[{"name":"wp","href":"https:\/\/api.w.org\/{rel}","templated":true}]}}