{"id":3077,"date":"2025-12-02T11:49:50","date_gmt":"2025-12-02T10:49:50","guid":{"rendered":"https:\/\/www.radiomais.ao\/?p=3077"},"modified":"2025-12-02T11:49:50","modified_gmt":"2025-12-02T10:49:50","slug":"7a-edicao-da-feira-municipal-do-livro-adiada-para-janeiro-proximo","status":"publish","type":"post","link":"https:\/\/www.radiomais.ao\/index.php\/2025\/12\/02\/7a-edicao-da-feira-municipal-do-livro-adiada-para-janeiro-proximo\/","title":{"rendered":"7\u00aa edi\u00e7\u00e3o da Feira Municipal do Livro adiada para Janeiro pr\u00f3ximo."},"content":{"rendered":"\n<p><strong>A \u201cFeira Municipal do Livro, Cultura e Turismo\u201d, que seria realizada pela primeira vez no munic\u00edpio do Mussulo, em Luanda, entre os dias 2 e 7 do corrente m\u00eas, foi adiada para os dias 26 e 31 de Janeiro pr\u00f3ximo, segundo informou Manuel Castela Eduardo, s\u00f3cio-gerente da empresa promotora do evento<\/strong>. Fonte <strong><em><a href=\"https:\/\/www.opais.ao\/cultura\/7a-edicao-da-feira-municipal-do-livro-adiada-para-janeiro-proximo\/\">Opa\u00eds<\/a><\/em><\/strong><\/p>\n\n\n\n<p><\/p>\n","protected":false},"excerpt":{"rendered":"<p>A \u201cFeira Municipal do Livro, Cultura e Turismo\u201d, que seria realizada pela primeira vez no munic\u00edpio do Mussulo, em Luanda, entre os dias 2 e 7 do corrente m\u00eas, foi adiada para os dias 26 e 31 de Janeiro pr\u00f3ximo, segundo informou Manuel Castela Eduardo, s\u00f3cio-gerente da empresa promotora do evento. Fonte Opa\u00eds<\/p>\n","protected":false},"author":3,"featured_media":3078,"comment_status":"open","ping_status":"open","sticky":false,"template":"","format":"standard","meta":{"footnotes":""},"categories":[16],"tags":[1189],"class_list":["post-3077","post","type-post","status-publish","format-standard","has-post-thumbnail","hentry","category-actualidade","tag-7o-edicao"],"blocksy_meta":[],"_links":{"self":[{"href":"https:\/\/www.radiomais.ao\/index.php\/wp-json\/wp\/v2\/posts\/3077","targetHints":{"allow":["GET"]}}],"collection":[{"href":"https:\/\/www.radiomais.ao\/index.php\/wp-json\/wp\/v2\/posts"}],"about":[{"href":"https:\/\/www.radiomais.ao\/index.php\/wp-json\/wp\/v2\/types\/post"}],"author":[{"embeddable":true,"href":"https:\/\/www.radiomais.ao\/index.php\/wp-json\/wp\/v2\/users\/3"}],"replies":[{"embeddable":true,"href":"https:\/\/www.radiomais.ao\/index.php\/wp-json\/wp\/v2\/comments?post=3077"}],"version-history":[{"count":1,"href":"https:\/\/www.radiomais.ao\/index.php\/wp-json\/wp\/v2\/posts\/3077\/revisions"}],"predecessor-version":[{"id":3079,"href":"https:\/\/www.radiomais.ao\/index.php\/wp-json\/wp\/v2\/posts\/3077\/revisions\/3079"}],"wp:featuredmedia":[{"embeddable":true,"href":"https:\/\/www.radiomais.ao\/index.php\/wp-json\/wp\/v2\/media\/3078"}],"wp:attachment":[{"href":"https:\/\/www.radiomais.ao\/index.php\/wp-json\/wp\/v2\/media?parent=3077"}],"wp:term":[{"taxonomy":"category","embeddable":true,"href":"https:\/\/www.radiomais.ao\/index.php\/wp-json\/wp\/v2\/categories?post=3077"},{"taxonomy":"post_tag","embeddable":true,"href":"https:\/\/www.radiomais.ao\/index.php\/wp-json\/wp\/v2\/tags?post=3077"}],"curies":[{"name":"wp","href":"https:\/\/api.w.org\/{rel}","templated":true}]}}