{"id":3080,"date":"2025-12-02T12:08:40","date_gmt":"2025-12-02T11:08:40","guid":{"rendered":"https:\/\/www.radiomais.ao\/?p=3080"},"modified":"2025-12-02T12:31:45","modified_gmt":"2025-12-02T11:31:45","slug":"infraestruturas-do-municipio-da-ingombota-vao-ser-ampliadas-e-reabilitadas","status":"publish","type":"post","link":"https:\/\/www.radiomais.ao\/index.php\/2025\/12\/02\/infraestruturas-do-municipio-da-ingombota-vao-ser-ampliadas-e-reabilitadas\/","title":{"rendered":"Infraestruturas do munic\u00edpio das Ingombotas ser\u00e3o ampliadas e reabilitadas."},"content":{"rendered":"\n<p>As infraestruturas do munic\u00edpio da Ingombota ser\u00e3o ampliadas e reabilitadas, tendo em conta o reduzido espa\u00e7o dispon\u00edvel para a constru\u00e7\u00e3o de novas obras.<\/p>\n\n\n\n<p>A informa\u00e7\u00e3o foi prestada hoje pela administradora municipal, Milca Caquesse, durante a visita que o governador de Luanda Lu\u00eds Nunes, est\u00e1 a realizar \u00e0quela circunscri\u00e7\u00e3o.O refor\u00e7o do empreendedorismo jovem no munic\u00edpio constitui outro grande objetivo.<\/p>\n\n\n\n<p>A respons\u00e1vel adiantou, ainda, que ser\u00e3o entregues alguns kits por meio do programa Ingombo Empreender.\u201d<\/p>\n","protected":false},"excerpt":{"rendered":"<p>As infraestruturas do munic\u00edpio da Ingombota ser\u00e3o ampliadas e reabilitadas, tendo em conta o reduzido espa\u00e7o dispon\u00edvel para a constru\u00e7\u00e3o de novas obras. A informa\u00e7\u00e3o foi prestada hoje pela administradora municipal, Milca Caquesse, durante a visita que o governador de Luanda Lu\u00eds Nunes, est\u00e1 a realizar \u00e0quela circunscri\u00e7\u00e3o.O refor\u00e7o do empreendedorismo jovem no munic\u00edpio constitui [&hellip;]<\/p>\n","protected":false},"author":3,"featured_media":3081,"comment_status":"open","ping_status":"open","sticky":false,"template":"","format":"standard","meta":{"footnotes":""},"categories":[16],"tags":[1193,1191,1190,1192],"class_list":["post-3080","post","type-post","status-publish","format-standard","has-post-thumbnail","hentry","category-actualidade","tag-ampliadas","tag-infraestruturas","tag-ingombota","tag-reabilitadas"],"blocksy_meta":[],"_links":{"self":[{"href":"https:\/\/www.radiomais.ao\/index.php\/wp-json\/wp\/v2\/posts\/3080","targetHints":{"allow":["GET"]}}],"collection":[{"href":"https:\/\/www.radiomais.ao\/index.php\/wp-json\/wp\/v2\/posts"}],"about":[{"href":"https:\/\/www.radiomais.ao\/index.php\/wp-json\/wp\/v2\/types\/post"}],"author":[{"embeddable":true,"href":"https:\/\/www.radiomais.ao\/index.php\/wp-json\/wp\/v2\/users\/3"}],"replies":[{"embeddable":true,"href":"https:\/\/www.radiomais.ao\/index.php\/wp-json\/wp\/v2\/comments?post=3080"}],"version-history":[{"count":2,"href":"https:\/\/www.radiomais.ao\/index.php\/wp-json\/wp\/v2\/posts\/3080\/revisions"}],"predecessor-version":[{"id":3089,"href":"https:\/\/www.radiomais.ao\/index.php\/wp-json\/wp\/v2\/posts\/3080\/revisions\/3089"}],"wp:featuredmedia":[{"embeddable":true,"href":"https:\/\/www.radiomais.ao\/index.php\/wp-json\/wp\/v2\/media\/3081"}],"wp:attachment":[{"href":"https:\/\/www.radiomais.ao\/index.php\/wp-json\/wp\/v2\/media?parent=3080"}],"wp:term":[{"taxonomy":"category","embeddable":true,"href":"https:\/\/www.radiomais.ao\/index.php\/wp-json\/wp\/v2\/categories?post=3080"},{"taxonomy":"post_tag","embeddable":true,"href":"https:\/\/www.radiomais.ao\/index.php\/wp-json\/wp\/v2\/tags?post=3080"}],"curies":[{"name":"wp","href":"https:\/\/api.w.org\/{rel}","templated":true}]}}