{"id":3083,"date":"2025-12-02T12:22:12","date_gmt":"2025-12-02T11:22:12","guid":{"rendered":"https:\/\/www.radiomais.ao\/?p=3083"},"modified":"2025-12-02T12:24:05","modified_gmt":"2025-12-02T11:24:05","slug":"moxico-leste-vai-ganhar-energia-eletrica-com-inauguracao-do-parque-solar-fotovoltaico","status":"publish","type":"post","link":"https:\/\/www.radiomais.ao\/index.php\/2025\/12\/02\/moxico-leste-vai-ganhar-energia-eletrica-com-inauguracao-do-parque-solar-fotovoltaico\/","title":{"rendered":"Moxico Leste ganha parque fotovoltaico."},"content":{"rendered":"\n<p>79 mil habitantes &nbsp;da prov\u00edncia do Moxico Leste, v\u00e3o beneficiar &nbsp;a partir de amanh\u00e3, de energia el\u00e9trica com a inaugura\u00e7\u00e3o do Parque Fotovoltaico.<\/p>\n\n\n\n<p>Neste momento est\u00e3o a ser &nbsp;conclu\u00eddas as liga\u00e7\u00f5es domicili\u00e1rias e os postos de transforma\u00e7\u00e3o que permitir\u00e3o estabilizar o fornecimento naquela parcela do Pa\u00eds.<\/p>\n\n\n\n<p>A Central conta com &nbsp;uma pot\u00eancia instalada de 25,4 MWp que &nbsp;integra mais de 40 mil pain\u00e9is solares montados na periferia do Cazombo.<\/p>\n","protected":false},"excerpt":{"rendered":"<p>79 mil habitantes &nbsp;da prov\u00edncia do Moxico Leste, v\u00e3o beneficiar &nbsp;a partir de amanh\u00e3, de energia el\u00e9trica com a inaugura\u00e7\u00e3o do Parque Fotovoltaico. Neste momento est\u00e3o a ser &nbsp;conclu\u00eddas as liga\u00e7\u00f5es domicili\u00e1rias e os postos de transforma\u00e7\u00e3o que permitir\u00e3o estabilizar o fornecimento naquela parcela do Pa\u00eds. A Central conta com &nbsp;uma pot\u00eancia instalada de 25,4 [&hellip;]<\/p>\n","protected":false},"author":3,"featured_media":3084,"comment_status":"open","ping_status":"open","sticky":false,"template":"","format":"standard","meta":{"footnotes":""},"categories":[16],"tags":[1194,1195],"class_list":["post-3083","post","type-post","status-publish","format-standard","has-post-thumbnail","hentry","category-actualidade","tag-moxico-leste","tag-parque-solar-fotovoltaico"],"blocksy_meta":[],"_links":{"self":[{"href":"https:\/\/www.radiomais.ao\/index.php\/wp-json\/wp\/v2\/posts\/3083","targetHints":{"allow":["GET"]}}],"collection":[{"href":"https:\/\/www.radiomais.ao\/index.php\/wp-json\/wp\/v2\/posts"}],"about":[{"href":"https:\/\/www.radiomais.ao\/index.php\/wp-json\/wp\/v2\/types\/post"}],"author":[{"embeddable":true,"href":"https:\/\/www.radiomais.ao\/index.php\/wp-json\/wp\/v2\/users\/3"}],"replies":[{"embeddable":true,"href":"https:\/\/www.radiomais.ao\/index.php\/wp-json\/wp\/v2\/comments?post=3083"}],"version-history":[{"count":3,"href":"https:\/\/www.radiomais.ao\/index.php\/wp-json\/wp\/v2\/posts\/3083\/revisions"}],"predecessor-version":[{"id":3087,"href":"https:\/\/www.radiomais.ao\/index.php\/wp-json\/wp\/v2\/posts\/3083\/revisions\/3087"}],"wp:featuredmedia":[{"embeddable":true,"href":"https:\/\/www.radiomais.ao\/index.php\/wp-json\/wp\/v2\/media\/3084"}],"wp:attachment":[{"href":"https:\/\/www.radiomais.ao\/index.php\/wp-json\/wp\/v2\/media?parent=3083"}],"wp:term":[{"taxonomy":"category","embeddable":true,"href":"https:\/\/www.radiomais.ao\/index.php\/wp-json\/wp\/v2\/categories?post=3083"},{"taxonomy":"post_tag","embeddable":true,"href":"https:\/\/www.radiomais.ao\/index.php\/wp-json\/wp\/v2\/tags?post=3083"}],"curies":[{"name":"wp","href":"https:\/\/api.w.org\/{rel}","templated":true}]}}