{"id":3094,"date":"2025-12-04T07:48:19","date_gmt":"2025-12-04T06:48:19","guid":{"rendered":"https:\/\/www.radiomais.ao\/?p=3094"},"modified":"2025-12-04T07:48:19","modified_gmt":"2025-12-04T06:48:19","slug":"escassez-de-juizes-e-procuradores-impulsiona-crescimento-de-casos-de-prisao-preventiva","status":"publish","type":"post","link":"https:\/\/www.radiomais.ao\/index.php\/2025\/12\/04\/escassez-de-juizes-e-procuradores-impulsiona-crescimento-de-casos-de-prisao-preventiva\/","title":{"rendered":"Escassez de ju\u00edzes e procuradores impulsiona crescimento de casos de pris\u00e3o preventiva."},"content":{"rendered":"\n<p><strong>O n\u00famero reduzido de magistrados Judiciais e do Minist\u00e9rio P\u00fablico est\u00e1 entre os factores que contribuem para a exist\u00eancia de mais de 1.230 processos de reclusos em situa\u00e7\u00e3o de excesso de pris\u00e3o preventiva em todo o pa\u00eds, revelou ontem, em Luanda, o secret\u00e1rio da Comiss\u00e3o Ad Hoc para An\u00e1lise dos Casos de Excesso de Pris\u00e3o Preventiva, Alves Ren\u00e9<\/strong>. Fonte <strong><em><a href=\"https:\/\/www.opais.ao\/sociedade\/escassez-de-juizes-e-procuradores-impulsiona-crescimento-de-casos-de-prisao-preventiva\/\">Opa\u00eds<\/a><\/em><\/strong><\/p>\n","protected":false},"excerpt":{"rendered":"<p>O n\u00famero reduzido de magistrados Judiciais e do Minist\u00e9rio P\u00fablico est\u00e1 entre os factores que contribuem para a exist\u00eancia de mais de 1.230 processos de reclusos em situa\u00e7\u00e3o de excesso de pris\u00e3o preventiva em todo o pa\u00eds, revelou ontem, em Luanda, o secret\u00e1rio da Comiss\u00e3o Ad Hoc para An\u00e1lise dos Casos de Excesso de Pris\u00e3o [&hellip;]<\/p>\n","protected":false},"author":3,"featured_media":3095,"comment_status":"open","ping_status":"open","sticky":false,"template":"","format":"standard","meta":{"footnotes":""},"categories":[16],"tags":[1197,1199,1198,1200],"class_list":["post-3094","post","type-post","status-publish","format-standard","has-post-thumbnail","hentry","category-actualidade","tag-escassez","tag-excesso-prisao","tag-juizes","tag-preventiva"],"blocksy_meta":[],"_links":{"self":[{"href":"https:\/\/www.radiomais.ao\/index.php\/wp-json\/wp\/v2\/posts\/3094","targetHints":{"allow":["GET"]}}],"collection":[{"href":"https:\/\/www.radiomais.ao\/index.php\/wp-json\/wp\/v2\/posts"}],"about":[{"href":"https:\/\/www.radiomais.ao\/index.php\/wp-json\/wp\/v2\/types\/post"}],"author":[{"embeddable":true,"href":"https:\/\/www.radiomais.ao\/index.php\/wp-json\/wp\/v2\/users\/3"}],"replies":[{"embeddable":true,"href":"https:\/\/www.radiomais.ao\/index.php\/wp-json\/wp\/v2\/comments?post=3094"}],"version-history":[{"count":1,"href":"https:\/\/www.radiomais.ao\/index.php\/wp-json\/wp\/v2\/posts\/3094\/revisions"}],"predecessor-version":[{"id":3096,"href":"https:\/\/www.radiomais.ao\/index.php\/wp-json\/wp\/v2\/posts\/3094\/revisions\/3096"}],"wp:featuredmedia":[{"embeddable":true,"href":"https:\/\/www.radiomais.ao\/index.php\/wp-json\/wp\/v2\/media\/3095"}],"wp:attachment":[{"href":"https:\/\/www.radiomais.ao\/index.php\/wp-json\/wp\/v2\/media?parent=3094"}],"wp:term":[{"taxonomy":"category","embeddable":true,"href":"https:\/\/www.radiomais.ao\/index.php\/wp-json\/wp\/v2\/categories?post=3094"},{"taxonomy":"post_tag","embeddable":true,"href":"https:\/\/www.radiomais.ao\/index.php\/wp-json\/wp\/v2\/tags?post=3094"}],"curies":[{"name":"wp","href":"https:\/\/api.w.org\/{rel}","templated":true}]}}