{"id":3097,"date":"2025-12-04T08:10:57","date_gmt":"2025-12-04T07:10:57","guid":{"rendered":"https:\/\/www.radiomais.ao\/?p=3097"},"modified":"2025-12-04T08:10:57","modified_gmt":"2025-12-04T07:10:57","slug":"sinprof-na-bibala-demite-se-em-bloco-por-falta-de-alinhamento-com-a-direccao-provincial-da-organizacao-no-namibe","status":"publish","type":"post","link":"https:\/\/www.radiomais.ao\/index.php\/2025\/12\/04\/sinprof-na-bibala-demite-se-em-bloco-por-falta-de-alinhamento-com-a-direccao-provincial-da-organizacao-no-namibe\/","title":{"rendered":"SINPROF na Bibala demite-se em bloco por falta de \u201calinhamento\u201d com a direc\u00e7\u00e3o provincial da organiza\u00e7\u00e3o no Namibe."},"content":{"rendered":"\n<p>A informa\u00e7\u00e3o foi avan\u00e7ada em exclusivo ao OPA\u00cdS pelo secret\u00e1rio municipal do SINPROF na Bibala, Osvaldo Joaquim da Silva, tendo dito que em causa est\u00e1 a falta de alinhamento com a direc\u00e7\u00e3o provincial da organiza\u00e7\u00e3o no Namibe, sob a lideran\u00e7a de Joaquim Catimba, que, no dia 27 de Novembro, realizou uma reuni\u00e3o restrita que visava o levantamento da greve que os professores dos munic\u00edpios da Bibala, Camucuio, Cacimbas e T\u00f4mbwa observavam desde o dia 19 do mesmo m\u00eas. Fonte <strong><em><a href=\"https:\/\/www.opais.ao\/sociedade\/sinprof-na-bibala-demite-se-em-bloco-por-falta-de-alinhamento-com-a-direccao-provincial-da-organizacao-no-namibe\/\">Opa\u00eds<\/a><\/em><\/strong><\/p>\n","protected":false},"excerpt":{"rendered":"<p>A informa\u00e7\u00e3o foi avan\u00e7ada em exclusivo ao OPA\u00cdS pelo secret\u00e1rio municipal do SINPROF na Bibala, Osvaldo Joaquim da Silva, tendo dito que em causa est\u00e1 a falta de alinhamento com a direc\u00e7\u00e3o provincial da organiza\u00e7\u00e3o no Namibe, sob a lideran\u00e7a de Joaquim Catimba, que, no dia 27 de Novembro, realizou uma reuni\u00e3o restrita que visava [&hellip;]<\/p>\n","protected":false},"author":3,"featured_media":3098,"comment_status":"open","ping_status":"open","sticky":false,"template":"","format":"standard","meta":{"footnotes":""},"categories":[16],"tags":[1204,1202,1203,1201],"class_list":["post-3097","post","type-post","status-publish","format-standard","has-post-thumbnail","hentry","category-actualidade","tag-alinhamento","tag-bibala","tag-demicao","tag-sinprof"],"blocksy_meta":[],"_links":{"self":[{"href":"https:\/\/www.radiomais.ao\/index.php\/wp-json\/wp\/v2\/posts\/3097","targetHints":{"allow":["GET"]}}],"collection":[{"href":"https:\/\/www.radiomais.ao\/index.php\/wp-json\/wp\/v2\/posts"}],"about":[{"href":"https:\/\/www.radiomais.ao\/index.php\/wp-json\/wp\/v2\/types\/post"}],"author":[{"embeddable":true,"href":"https:\/\/www.radiomais.ao\/index.php\/wp-json\/wp\/v2\/users\/3"}],"replies":[{"embeddable":true,"href":"https:\/\/www.radiomais.ao\/index.php\/wp-json\/wp\/v2\/comments?post=3097"}],"version-history":[{"count":1,"href":"https:\/\/www.radiomais.ao\/index.php\/wp-json\/wp\/v2\/posts\/3097\/revisions"}],"predecessor-version":[{"id":3099,"href":"https:\/\/www.radiomais.ao\/index.php\/wp-json\/wp\/v2\/posts\/3097\/revisions\/3099"}],"wp:featuredmedia":[{"embeddable":true,"href":"https:\/\/www.radiomais.ao\/index.php\/wp-json\/wp\/v2\/media\/3098"}],"wp:attachment":[{"href":"https:\/\/www.radiomais.ao\/index.php\/wp-json\/wp\/v2\/media?parent=3097"}],"wp:term":[{"taxonomy":"category","embeddable":true,"href":"https:\/\/www.radiomais.ao\/index.php\/wp-json\/wp\/v2\/categories?post=3097"},{"taxonomy":"post_tag","embeddable":true,"href":"https:\/\/www.radiomais.ao\/index.php\/wp-json\/wp\/v2\/tags?post=3097"}],"curies":[{"name":"wp","href":"https:\/\/api.w.org\/{rel}","templated":true}]}}