{"id":3100,"date":"2025-12-04T08:25:44","date_gmt":"2025-12-04T07:25:44","guid":{"rendered":"https:\/\/www.radiomais.ao\/?p=3100"},"modified":"2025-12-04T08:25:44","modified_gmt":"2025-12-04T07:25:44","slug":"caso-zico-irmao-do-agente-do-sic-diz-que-houve-troca-de-tiros-com-os-meliantes","status":"publish","type":"post","link":"https:\/\/www.radiomais.ao\/index.php\/2025\/12\/04\/caso-zico-irmao-do-agente-do-sic-diz-que-houve-troca-de-tiros-com-os-meliantes\/","title":{"rendered":"Caso \u201cZico\u201d: irm\u00e3o do agente do SIC diz que houve troca de tiros com os meliantes."},"content":{"rendered":"\n<p><strong>Decorreu ontem, no Tribunal de Luanda, Pal\u00e1cio Dona Ana Joaquina, mais uma sess\u00e3o de julgamento do caso \u201cZico\u201d, que envolve um agente do Servi\u00e7o de Investiga\u00e7\u00e3o Criminal (SIC), acusado de ter alvejado mortalmente tr\u00eas jovens no munic\u00edpio do Cazenga, em Junho de 2024. Irm\u00e3o do arguido diz ter havido troca de tiros entre o agente e os tr\u00eas jovens (supostos meliantes)<\/strong> Fonte<strong><em><a href=\"https:\/\/www.opais.ao\/sociedade\/caso-zico-irmao-do-agente-do-sic-diz-que-houve-troca-de-tiros-com-os-meliantes\/\"> Opa\u00eds<\/a><\/em><\/strong><\/p>\n","protected":false},"excerpt":{"rendered":"<p>Decorreu ontem, no Tribunal de Luanda, Pal\u00e1cio Dona Ana Joaquina, mais uma sess\u00e3o de julgamento do caso \u201cZico\u201d, que envolve um agente do Servi\u00e7o de Investiga\u00e7\u00e3o Criminal (SIC), acusado de ter alvejado mortalmente tr\u00eas jovens no munic\u00edpio do Cazenga, em Junho de 2024. Irm\u00e3o do arguido diz ter havido troca de tiros entre o agente [&hellip;]<\/p>\n","protected":false},"author":3,"featured_media":3101,"comment_status":"open","ping_status":"open","sticky":false,"template":"","format":"standard","meta":{"footnotes":""},"categories":[16],"tags":[1205,1207,1206],"class_list":["post-3100","post","type-post","status-publish","format-standard","has-post-thumbnail","hentry","category-actualidade","tag-caso-zico","tag-meliantes","tag-troca-de-tiros"],"blocksy_meta":[],"_links":{"self":[{"href":"https:\/\/www.radiomais.ao\/index.php\/wp-json\/wp\/v2\/posts\/3100","targetHints":{"allow":["GET"]}}],"collection":[{"href":"https:\/\/www.radiomais.ao\/index.php\/wp-json\/wp\/v2\/posts"}],"about":[{"href":"https:\/\/www.radiomais.ao\/index.php\/wp-json\/wp\/v2\/types\/post"}],"author":[{"embeddable":true,"href":"https:\/\/www.radiomais.ao\/index.php\/wp-json\/wp\/v2\/users\/3"}],"replies":[{"embeddable":true,"href":"https:\/\/www.radiomais.ao\/index.php\/wp-json\/wp\/v2\/comments?post=3100"}],"version-history":[{"count":1,"href":"https:\/\/www.radiomais.ao\/index.php\/wp-json\/wp\/v2\/posts\/3100\/revisions"}],"predecessor-version":[{"id":3102,"href":"https:\/\/www.radiomais.ao\/index.php\/wp-json\/wp\/v2\/posts\/3100\/revisions\/3102"}],"wp:featuredmedia":[{"embeddable":true,"href":"https:\/\/www.radiomais.ao\/index.php\/wp-json\/wp\/v2\/media\/3101"}],"wp:attachment":[{"href":"https:\/\/www.radiomais.ao\/index.php\/wp-json\/wp\/v2\/media?parent=3100"}],"wp:term":[{"taxonomy":"category","embeddable":true,"href":"https:\/\/www.radiomais.ao\/index.php\/wp-json\/wp\/v2\/categories?post=3100"},{"taxonomy":"post_tag","embeddable":true,"href":"https:\/\/www.radiomais.ao\/index.php\/wp-json\/wp\/v2\/tags?post=3100"}],"curies":[{"name":"wp","href":"https:\/\/api.w.org\/{rel}","templated":true}]}}