{"id":3103,"date":"2025-12-04T09:01:23","date_gmt":"2025-12-04T08:01:23","guid":{"rendered":"https:\/\/www.radiomais.ao\/?p=3103"},"modified":"2025-12-04T09:01:23","modified_gmt":"2025-12-04T08:01:23","slug":"cerca-de-90-por-cento-das-empresas-que-contratam-com-estado-sao-pequenas-e-medias","status":"publish","type":"post","link":"https:\/\/www.radiomais.ao\/index.php\/2025\/12\/04\/cerca-de-90-por-cento-das-empresas-que-contratam-com-estado-sao-pequenas-e-medias\/","title":{"rendered":"Cerca de 90 por cento das empresas que contratam com estado s\u00e3o pequenas e m\u00e9dias."},"content":{"rendered":"\n<p>De acordo com o respons\u00e1vel, em declara\u00e7\u00f5es \u00e0 imprensa, em 2023, houve um alerta com muitas obras do PIIM paralisadas, mas hoje a realidade \u00e9 outra, 70 porcento cento das empresas retomaram as obras ou devolveram o dinheiro. Todavia, 55 empresas continuam impedidas de contratar com o Estado, num per\u00edodo de tr\u00eas anos. A ministra das Finan\u00e7as, Vera Daves, destacou que a m\u00e1 despesa \u00e9 o pior dos impostos e por isso defendeu a qualidade da despesa p\u00fablica. Fonte <strong><em><a href=\"https:\/\/www.opais.ao\/economia\/cerca-de-90-por-cento-das-empresas-que-contratam-com-estado-sao-pequenas-e-medias\/\">Opa\u00eds<\/a><\/em><\/strong><\/p>\n","protected":false},"excerpt":{"rendered":"<p>De acordo com o respons\u00e1vel, em declara\u00e7\u00f5es \u00e0 imprensa, em 2023, houve um alerta com muitas obras do PIIM paralisadas, mas hoje a realidade \u00e9 outra, 70 porcento cento das empresas retomaram as obras ou devolveram o dinheiro. Todavia, 55 empresas continuam impedidas de contratar com o Estado, num per\u00edodo de tr\u00eas anos. A ministra [&hellip;]<\/p>\n","protected":false},"author":3,"featured_media":3104,"comment_status":"open","ping_status":"open","sticky":false,"template":"","format":"standard","meta":{"footnotes":""},"categories":[16],"tags":[1208,153,312],"class_list":["post-3103","post","type-post","status-publish","format-standard","has-post-thumbnail","hentry","category-actualidade","tag-contratadas","tag-empresas","tag-governo"],"blocksy_meta":[],"_links":{"self":[{"href":"https:\/\/www.radiomais.ao\/index.php\/wp-json\/wp\/v2\/posts\/3103","targetHints":{"allow":["GET"]}}],"collection":[{"href":"https:\/\/www.radiomais.ao\/index.php\/wp-json\/wp\/v2\/posts"}],"about":[{"href":"https:\/\/www.radiomais.ao\/index.php\/wp-json\/wp\/v2\/types\/post"}],"author":[{"embeddable":true,"href":"https:\/\/www.radiomais.ao\/index.php\/wp-json\/wp\/v2\/users\/3"}],"replies":[{"embeddable":true,"href":"https:\/\/www.radiomais.ao\/index.php\/wp-json\/wp\/v2\/comments?post=3103"}],"version-history":[{"count":1,"href":"https:\/\/www.radiomais.ao\/index.php\/wp-json\/wp\/v2\/posts\/3103\/revisions"}],"predecessor-version":[{"id":3105,"href":"https:\/\/www.radiomais.ao\/index.php\/wp-json\/wp\/v2\/posts\/3103\/revisions\/3105"}],"wp:featuredmedia":[{"embeddable":true,"href":"https:\/\/www.radiomais.ao\/index.php\/wp-json\/wp\/v2\/media\/3104"}],"wp:attachment":[{"href":"https:\/\/www.radiomais.ao\/index.php\/wp-json\/wp\/v2\/media?parent=3103"}],"wp:term":[{"taxonomy":"category","embeddable":true,"href":"https:\/\/www.radiomais.ao\/index.php\/wp-json\/wp\/v2\/categories?post=3103"},{"taxonomy":"post_tag","embeddable":true,"href":"https:\/\/www.radiomais.ao\/index.php\/wp-json\/wp\/v2\/tags?post=3103"}],"curies":[{"name":"wp","href":"https:\/\/api.w.org\/{rel}","templated":true}]}}