{"id":3108,"date":"2025-12-04T10:21:46","date_gmt":"2025-12-04T09:21:46","guid":{"rendered":"https:\/\/www.radiomais.ao\/?p=3108"},"modified":"2025-12-04T10:21:46","modified_gmt":"2025-12-04T09:21:46","slug":"caso-agl-concessionaria-do-porto-do-lobito-diz-se-aberta-ao-dialogo","status":"publish","type":"post","link":"https:\/\/www.radiomais.ao\/index.php\/2025\/12\/04\/caso-agl-concessionaria-do-porto-do-lobito-diz-se-aberta-ao-dialogo\/","title":{"rendered":"Caso AGL: Concession\u00e1ria do Porto do Lobito diz-se aberta ao di\u00e1logo."},"content":{"rendered":"\n<p><strong>Em comunicado de imprensa enviado \u00e0 correspond\u00eancia deste jornal em Benguela, a AGL Lobito Terminal, SA., empresa de direito privado, reafirma o seu compromisso com a excel\u00eancia na gest\u00e3o de recursos humanos e respeito aos direitos e deveres dos seus colaboradores, contrariando a anterior posi\u00e7\u00e3o na qual acusava a comiss\u00e3o sindical de falta de legitimidade<\/strong>. Fonte<strong><em><a href=\"https:\/\/www.opais.ao\/economia\/caso-agl-concessionaria-do-porto-do-lobito-diz-se-aberta-ao-dialogo\/\"> Opa\u00eds<\/a><\/em><\/strong><\/p>\n","protected":false},"excerpt":{"rendered":"<p>Em comunicado de imprensa enviado \u00e0 correspond\u00eancia deste jornal em Benguela, a AGL Lobito Terminal, SA., empresa de direito privado, reafirma o seu compromisso com a excel\u00eancia na gest\u00e3o de recursos humanos e respeito aos direitos e deveres dos seus colaboradores, contrariando a anterior posi\u00e7\u00e3o na qual acusava a comiss\u00e3o sindical de falta de legitimidade. [&hellip;]<\/p>\n","protected":false},"author":3,"featured_media":3109,"comment_status":"open","ping_status":"open","sticky":false,"template":"","format":"standard","meta":{"footnotes":""},"categories":[16],"tags":[1209,1211,1210],"class_list":["post-3108","post","type-post","status-publish","format-standard","has-post-thumbnail","hentry","category-actualidade","tag-caso-agl","tag-dialogo-aberto","tag-porto-do-lobito"],"blocksy_meta":[],"_links":{"self":[{"href":"https:\/\/www.radiomais.ao\/index.php\/wp-json\/wp\/v2\/posts\/3108","targetHints":{"allow":["GET"]}}],"collection":[{"href":"https:\/\/www.radiomais.ao\/index.php\/wp-json\/wp\/v2\/posts"}],"about":[{"href":"https:\/\/www.radiomais.ao\/index.php\/wp-json\/wp\/v2\/types\/post"}],"author":[{"embeddable":true,"href":"https:\/\/www.radiomais.ao\/index.php\/wp-json\/wp\/v2\/users\/3"}],"replies":[{"embeddable":true,"href":"https:\/\/www.radiomais.ao\/index.php\/wp-json\/wp\/v2\/comments?post=3108"}],"version-history":[{"count":1,"href":"https:\/\/www.radiomais.ao\/index.php\/wp-json\/wp\/v2\/posts\/3108\/revisions"}],"predecessor-version":[{"id":3110,"href":"https:\/\/www.radiomais.ao\/index.php\/wp-json\/wp\/v2\/posts\/3108\/revisions\/3110"}],"wp:featuredmedia":[{"embeddable":true,"href":"https:\/\/www.radiomais.ao\/index.php\/wp-json\/wp\/v2\/media\/3109"}],"wp:attachment":[{"href":"https:\/\/www.radiomais.ao\/index.php\/wp-json\/wp\/v2\/media?parent=3108"}],"wp:term":[{"taxonomy":"category","embeddable":true,"href":"https:\/\/www.radiomais.ao\/index.php\/wp-json\/wp\/v2\/categories?post=3108"},{"taxonomy":"post_tag","embeddable":true,"href":"https:\/\/www.radiomais.ao\/index.php\/wp-json\/wp\/v2\/tags?post=3108"}],"curies":[{"name":"wp","href":"https:\/\/api.w.org\/{rel}","templated":true}]}}