{"id":3111,"date":"2025-12-04T12:02:10","date_gmt":"2025-12-04T11:02:10","guid":{"rendered":"https:\/\/www.radiomais.ao\/?p=3111"},"modified":"2025-12-04T12:02:10","modified_gmt":"2025-12-04T11:02:10","slug":"instituto-da-familia-lancado-para-evitar-que-criancas-crescam-invisiveis","status":"publish","type":"post","link":"https:\/\/www.radiomais.ao\/index.php\/2025\/12\/04\/instituto-da-familia-lancado-para-evitar-que-criancas-crescam-invisiveis\/","title":{"rendered":"Instituto da fam\u00edlia lan\u00e7ado para evitar que crian\u00e7as cres\u00e7am invis\u00edveis."},"content":{"rendered":"\n<p><strong>Por causa de in\u00fameros problemas causados e vividos por certos pais, que afectam, directa ou indirectamente, muitas crian\u00e7as, a Asso- cia\u00e7\u00e3o do Instituto da Fam\u00edlia contemplou a preocupa\u00e7\u00e3o de evitar que crian\u00e7as vivam \u00e0 margem do valor, respeito e cuidado de que t\u00eam direito<\/strong>. Fonte <strong><em><a href=\"https:\/\/www.opais.ao\/sociedade\/instituto-da-familia-lancado-para-evitar-que-criancas-crescam-invisiveis\/\">Opa\u00eds<\/a><\/em><\/strong><\/p>\n","protected":false},"excerpt":{"rendered":"<p>Por causa de in\u00fameros problemas causados e vividos por certos pais, que afectam, directa ou indirectamente, muitas crian\u00e7as, a Asso- cia\u00e7\u00e3o do Instituto da Fam\u00edlia contemplou a preocupa\u00e7\u00e3o de evitar que crian\u00e7as vivam \u00e0 margem do valor, respeito e cuidado de que t\u00eam direito. Fonte Opa\u00eds<\/p>\n","protected":false},"author":3,"featured_media":3112,"comment_status":"open","ping_status":"open","sticky":false,"template":"","format":"standard","meta":{"footnotes":""},"categories":[16],"tags":[641,1212],"class_list":["post-3111","post","type-post","status-publish","format-standard","has-post-thumbnail","hentry","category-actualidade","tag-criancas","tag-instituto-da-familia"],"blocksy_meta":[],"_links":{"self":[{"href":"https:\/\/www.radiomais.ao\/index.php\/wp-json\/wp\/v2\/posts\/3111","targetHints":{"allow":["GET"]}}],"collection":[{"href":"https:\/\/www.radiomais.ao\/index.php\/wp-json\/wp\/v2\/posts"}],"about":[{"href":"https:\/\/www.radiomais.ao\/index.php\/wp-json\/wp\/v2\/types\/post"}],"author":[{"embeddable":true,"href":"https:\/\/www.radiomais.ao\/index.php\/wp-json\/wp\/v2\/users\/3"}],"replies":[{"embeddable":true,"href":"https:\/\/www.radiomais.ao\/index.php\/wp-json\/wp\/v2\/comments?post=3111"}],"version-history":[{"count":1,"href":"https:\/\/www.radiomais.ao\/index.php\/wp-json\/wp\/v2\/posts\/3111\/revisions"}],"predecessor-version":[{"id":3113,"href":"https:\/\/www.radiomais.ao\/index.php\/wp-json\/wp\/v2\/posts\/3111\/revisions\/3113"}],"wp:featuredmedia":[{"embeddable":true,"href":"https:\/\/www.radiomais.ao\/index.php\/wp-json\/wp\/v2\/media\/3112"}],"wp:attachment":[{"href":"https:\/\/www.radiomais.ao\/index.php\/wp-json\/wp\/v2\/media?parent=3111"}],"wp:term":[{"taxonomy":"category","embeddable":true,"href":"https:\/\/www.radiomais.ao\/index.php\/wp-json\/wp\/v2\/categories?post=3111"},{"taxonomy":"post_tag","embeddable":true,"href":"https:\/\/www.radiomais.ao\/index.php\/wp-json\/wp\/v2\/tags?post=3111"}],"curies":[{"name":"wp","href":"https:\/\/api.w.org\/{rel}","templated":true}]}}