{"id":3117,"date":"2025-12-04T12:27:01","date_gmt":"2025-12-04T11:27:01","guid":{"rendered":"https:\/\/www.radiomais.ao\/?p=3117"},"modified":"2025-12-04T12:27:01","modified_gmt":"2025-12-04T11:27:01","slug":"projecto-reeduca-promete-fortalecer-reutilizacao-do-plastico-e-impulsionar-economia-circular","status":"publish","type":"post","link":"https:\/\/www.radiomais.ao\/index.php\/2025\/12\/04\/projecto-reeduca-promete-fortalecer-reutilizacao-do-plastico-e-impulsionar-economia-circular\/","title":{"rendered":"Projecto Reeduca promete fortalecer reutiliza\u00e7\u00e3o do pl\u00e1stico e impulsionar economia circular."},"content":{"rendered":"\n<p>A iniciativa surge para criar uma rede nacional de sensibiliza\u00e7\u00e3o, capacita\u00e7\u00e3o e coopera\u00e7\u00e3o que fortale\u00e7a a educa\u00e7\u00e3o ambiental e incentive pr\u00e1ticas sustent\u00e1veis em todo o pa\u00eds. Durante o evento de apresenta\u00e7\u00e3o, a engenheira ambiental Dara Correia, coordenadora do Reeduca, destacou que o projecto j\u00e1 conta com resultados expressivos. Fonte<strong><em><a href=\"https:\/\/www.opais.ao\/sociedade\/projecto-reeduca-promete-fortalecer-reutilizacao-do-plastico-e-impulsionar-economia-circular\/\"> Opa\u00eds<\/a><\/em><\/strong><\/p>\n","protected":false},"excerpt":{"rendered":"<p>A iniciativa surge para criar uma rede nacional de sensibiliza\u00e7\u00e3o, capacita\u00e7\u00e3o e coopera\u00e7\u00e3o que fortale\u00e7a a educa\u00e7\u00e3o ambiental e incentive pr\u00e1ticas sustent\u00e1veis em todo o pa\u00eds. Durante o evento de apresenta\u00e7\u00e3o, a engenheira ambiental Dara Correia, coordenadora do Reeduca, destacou que o projecto j\u00e1 conta com resultados expressivos. Fonte Opa\u00eds<\/p>\n","protected":false},"author":3,"featured_media":3118,"comment_status":"open","ping_status":"open","sticky":false,"template":"","format":"standard","meta":{"footnotes":""},"categories":[16],"tags":[1216,1217,1218],"class_list":["post-3117","post","type-post","status-publish","format-standard","has-post-thumbnail","hentry","category-actualidade","tag-eco-ponto","tag-projecto-reeduca","tag-reutilizacao-do-plastico"],"blocksy_meta":[],"_links":{"self":[{"href":"https:\/\/www.radiomais.ao\/index.php\/wp-json\/wp\/v2\/posts\/3117","targetHints":{"allow":["GET"]}}],"collection":[{"href":"https:\/\/www.radiomais.ao\/index.php\/wp-json\/wp\/v2\/posts"}],"about":[{"href":"https:\/\/www.radiomais.ao\/index.php\/wp-json\/wp\/v2\/types\/post"}],"author":[{"embeddable":true,"href":"https:\/\/www.radiomais.ao\/index.php\/wp-json\/wp\/v2\/users\/3"}],"replies":[{"embeddable":true,"href":"https:\/\/www.radiomais.ao\/index.php\/wp-json\/wp\/v2\/comments?post=3117"}],"version-history":[{"count":1,"href":"https:\/\/www.radiomais.ao\/index.php\/wp-json\/wp\/v2\/posts\/3117\/revisions"}],"predecessor-version":[{"id":3119,"href":"https:\/\/www.radiomais.ao\/index.php\/wp-json\/wp\/v2\/posts\/3117\/revisions\/3119"}],"wp:featuredmedia":[{"embeddable":true,"href":"https:\/\/www.radiomais.ao\/index.php\/wp-json\/wp\/v2\/media\/3118"}],"wp:attachment":[{"href":"https:\/\/www.radiomais.ao\/index.php\/wp-json\/wp\/v2\/media?parent=3117"}],"wp:term":[{"taxonomy":"category","embeddable":true,"href":"https:\/\/www.radiomais.ao\/index.php\/wp-json\/wp\/v2\/categories?post=3117"},{"taxonomy":"post_tag","embeddable":true,"href":"https:\/\/www.radiomais.ao\/index.php\/wp-json\/wp\/v2\/tags?post=3117"}],"curies":[{"name":"wp","href":"https:\/\/api.w.org\/{rel}","templated":true}]}}