{"id":3120,"date":"2025-12-04T12:31:15","date_gmt":"2025-12-04T11:31:15","guid":{"rendered":"https:\/\/www.radiomais.ao\/?p=3120"},"modified":"2025-12-04T12:31:15","modified_gmt":"2025-12-04T11:31:15","slug":"obra-literaria-sobre-direito-fundamental-e-apresentada-pela-juiza-do-tribunal-constitucional","status":"publish","type":"post","link":"https:\/\/www.radiomais.ao\/index.php\/2025\/12\/04\/obra-literaria-sobre-direito-fundamental-e-apresentada-pela-juiza-do-tribunal-constitucional\/","title":{"rendered":"Obra liter\u00e1ria sobre Direito Fundamental \u00e9 apresentada pela ju\u00edza do Tribunal Constitucional."},"content":{"rendered":"\n<p><strong>O lan\u00e7amento da obra liter\u00e1ria com cariz cient\u00edfico \u201cO Direito Fundamental \u00e0 Retribui\u00e7\u00e3o Enquanto Afirma\u00e7\u00e3o da Dignidade da Pessoa Humana\u201d, da autoria da ju\u00edza conselheira Maria de F\u00e1tima Baptista Silva, ser\u00e1 apresen- tado na pr\u00f3xima sexta-feira, 12, na Faculdade de Direito da universidade Agostinho Neto, em Luanda, sob chancela da editora WhereAngola<\/strong>. Fonte<strong><em><a href=\"https:\/\/www.opais.ao\/cultura\/obra-literaria-sobre-direito-fundamental-e-apresentada-pela-juiza-do-tribunal-constitucional\/\"> Opa\u00eds<\/a><\/em><\/strong><\/p>\n","protected":false},"excerpt":{"rendered":"<p>O lan\u00e7amento da obra liter\u00e1ria com cariz cient\u00edfico \u201cO Direito Fundamental \u00e0 Retribui\u00e7\u00e3o Enquanto Afirma\u00e7\u00e3o da Dignidade da Pessoa Humana\u201d, da autoria da ju\u00edza conselheira Maria de F\u00e1tima Baptista Silva, ser\u00e1 apresen- tado na pr\u00f3xima sexta-feira, 12, na Faculdade de Direito da universidade Agostinho Neto, em Luanda, sob chancela da editora WhereAngola. Fonte Opa\u00eds<\/p>\n","protected":false},"author":3,"featured_media":3121,"comment_status":"open","ping_status":"open","sticky":false,"template":"","format":"standard","meta":{"footnotes":""},"categories":[16],"tags":[1220,1219],"class_list":["post-3120","post","type-post","status-publish","format-standard","has-post-thumbnail","hentry","category-actualidade","tag-direito-fundamental","tag-obra-literaria"],"blocksy_meta":[],"_links":{"self":[{"href":"https:\/\/www.radiomais.ao\/index.php\/wp-json\/wp\/v2\/posts\/3120","targetHints":{"allow":["GET"]}}],"collection":[{"href":"https:\/\/www.radiomais.ao\/index.php\/wp-json\/wp\/v2\/posts"}],"about":[{"href":"https:\/\/www.radiomais.ao\/index.php\/wp-json\/wp\/v2\/types\/post"}],"author":[{"embeddable":true,"href":"https:\/\/www.radiomais.ao\/index.php\/wp-json\/wp\/v2\/users\/3"}],"replies":[{"embeddable":true,"href":"https:\/\/www.radiomais.ao\/index.php\/wp-json\/wp\/v2\/comments?post=3120"}],"version-history":[{"count":1,"href":"https:\/\/www.radiomais.ao\/index.php\/wp-json\/wp\/v2\/posts\/3120\/revisions"}],"predecessor-version":[{"id":3122,"href":"https:\/\/www.radiomais.ao\/index.php\/wp-json\/wp\/v2\/posts\/3120\/revisions\/3122"}],"wp:featuredmedia":[{"embeddable":true,"href":"https:\/\/www.radiomais.ao\/index.php\/wp-json\/wp\/v2\/media\/3121"}],"wp:attachment":[{"href":"https:\/\/www.radiomais.ao\/index.php\/wp-json\/wp\/v2\/media?parent=3120"}],"wp:term":[{"taxonomy":"category","embeddable":true,"href":"https:\/\/www.radiomais.ao\/index.php\/wp-json\/wp\/v2\/categories?post=3120"},{"taxonomy":"post_tag","embeddable":true,"href":"https:\/\/www.radiomais.ao\/index.php\/wp-json\/wp\/v2\/tags?post=3120"}],"curies":[{"name":"wp","href":"https:\/\/api.w.org\/{rel}","templated":true}]}}