{"id":3123,"date":"2025-12-04T14:28:03","date_gmt":"2025-12-04T13:28:03","guid":{"rendered":"https:\/\/www.radiomais.ao\/?p=3123"},"modified":"2025-12-04T14:28:03","modified_gmt":"2025-12-04T13:28:03","slug":"girabola-petro-desaloja-1-o-de-agosto-do-segundo-lugar","status":"publish","type":"post","link":"https:\/\/www.radiomais.ao\/index.php\/2025\/12\/04\/girabola-petro-desaloja-1-o-de-agosto-do-segundo-lugar\/","title":{"rendered":"Girabola: Petro desaloja 1.\u00ba de Agosto do segundo lugar."},"content":{"rendered":"\n<p>O Petro de Luanda revelou-se superior durante os noventa minutos e podia ter sa\u00eddo das quatro linhas com um resultado \u201cgordo\u201d uma vez que disp\u00f4s de uma \u201cm\u00e3o cheia\u201d de ocasi\u00f5es para balan\u00e7ar as redes \u00e0 guarda de Mig, de 32 anos. J\u00e1 o clube palanquino cometeu muitos erros na circula\u00e7\u00e3o da bola e n\u00e3o conseguiu acompanhar o ritmo dos campe\u00f5es nacionais. Fonte <strong><em><a href=\"https:\/\/www.opais.ao\/desporto\/girabola-petro-desaloja-1-o-de-agosto-do-segundo-lugar\/\">Opa\u00eds<\/a><\/em><\/strong><\/p>\n","protected":false},"excerpt":{"rendered":"<p>O Petro de Luanda revelou-se superior durante os noventa minutos e podia ter sa\u00eddo das quatro linhas com um resultado \u201cgordo\u201d uma vez que disp\u00f4s de uma \u201cm\u00e3o cheia\u201d de ocasi\u00f5es para balan\u00e7ar as redes \u00e0 guarda de Mig, de 32 anos. J\u00e1 o clube palanquino cometeu muitos erros na circula\u00e7\u00e3o da bola e n\u00e3o [&hellip;]<\/p>\n","protected":false},"author":3,"featured_media":3124,"comment_status":"open","ping_status":"open","sticky":false,"template":"","format":"standard","meta":{"footnotes":""},"categories":[16],"tags":[1223,1221,1222],"class_list":["post-3123","post","type-post","status-publish","format-standard","has-post-thumbnail","hentry","category-actualidade","tag-1o-de-agosto","tag-girabola","tag-petro"],"blocksy_meta":[],"_links":{"self":[{"href":"https:\/\/www.radiomais.ao\/index.php\/wp-json\/wp\/v2\/posts\/3123","targetHints":{"allow":["GET"]}}],"collection":[{"href":"https:\/\/www.radiomais.ao\/index.php\/wp-json\/wp\/v2\/posts"}],"about":[{"href":"https:\/\/www.radiomais.ao\/index.php\/wp-json\/wp\/v2\/types\/post"}],"author":[{"embeddable":true,"href":"https:\/\/www.radiomais.ao\/index.php\/wp-json\/wp\/v2\/users\/3"}],"replies":[{"embeddable":true,"href":"https:\/\/www.radiomais.ao\/index.php\/wp-json\/wp\/v2\/comments?post=3123"}],"version-history":[{"count":1,"href":"https:\/\/www.radiomais.ao\/index.php\/wp-json\/wp\/v2\/posts\/3123\/revisions"}],"predecessor-version":[{"id":3125,"href":"https:\/\/www.radiomais.ao\/index.php\/wp-json\/wp\/v2\/posts\/3123\/revisions\/3125"}],"wp:featuredmedia":[{"embeddable":true,"href":"https:\/\/www.radiomais.ao\/index.php\/wp-json\/wp\/v2\/media\/3124"}],"wp:attachment":[{"href":"https:\/\/www.radiomais.ao\/index.php\/wp-json\/wp\/v2\/media?parent=3123"}],"wp:term":[{"taxonomy":"category","embeddable":true,"href":"https:\/\/www.radiomais.ao\/index.php\/wp-json\/wp\/v2\/categories?post=3123"},{"taxonomy":"post_tag","embeddable":true,"href":"https:\/\/www.radiomais.ao\/index.php\/wp-json\/wp\/v2\/tags?post=3123"}],"curies":[{"name":"wp","href":"https:\/\/api.w.org\/{rel}","templated":true}]}}