{"id":3127,"date":"2025-12-04T15:28:06","date_gmt":"2025-12-04T14:28:06","guid":{"rendered":"https:\/\/www.radiomais.ao\/?p=3127"},"modified":"2025-12-04T15:28:06","modified_gmt":"2025-12-04T14:28:06","slug":"em-malanje-populacao-depende-de-duas-manivelas-e-pocos-arte-sianos-para-conseguir-agua","status":"publish","type":"post","link":"https:\/\/www.radiomais.ao\/index.php\/2025\/12\/04\/em-malanje-populacao-depende-de-duas-manivelas-e-pocos-arte-sianos-para-conseguir-agua\/","title":{"rendered":"Em Malanje popula\u00e7\u00e3o, depende de duas manivelas e po\u00e7os arte-sianos para conseguir \u00e1gua."},"content":{"rendered":"\n<p>Em Malange, a Popula\u00e7\u00e3o da sede comunal do Lombe, depende de duas manivelas e po\u00e7os <strong>arte-sianos<\/strong>, vulgarmente conhecidas por cacimbas para obten\u00e7\u00e3o do l\u00edquido precioso<\/p>\n\n\n\n<p>A escassez de \u00e1gua na zona, &nbsp;foi agradava com a vandaliza\u00e7\u00e3o&nbsp; do sistema de capta\u00e7\u00e3o, tratamento e distribui\u00e7\u00e3o de \u00e1gua que se encontrava em fase experimental. Os moradores pedem a pronta interven\u00e7\u00e3o das autoridades locais face actual situa\u00e7\u00e3o.<\/p>\n\n\n\n<p><\/p>\n","protected":false},"excerpt":{"rendered":"<p>Em Malange, a Popula\u00e7\u00e3o da sede comunal do Lombe, depende de duas manivelas e po\u00e7os arte-sianos, vulgarmente conhecidas por cacimbas para obten\u00e7\u00e3o do l\u00edquido precioso A escassez de \u00e1gua na zona, &nbsp;foi agradava com a vandaliza\u00e7\u00e3o&nbsp; do sistema de capta\u00e7\u00e3o, tratamento e distribui\u00e7\u00e3o de \u00e1gua que se encontrava em fase experimental. Os moradores pedem a [&hellip;]<\/p>\n","protected":false},"author":3,"featured_media":3128,"comment_status":"open","ping_status":"open","sticky":false,"template":"","format":"standard","meta":{"footnotes":""},"categories":[16],"tags":[337,221,1224],"class_list":["post-3127","post","type-post","status-publish","format-standard","has-post-thumbnail","hentry","category-actualidade","tag-agua","tag-malanje","tag-pocos-artesianos"],"blocksy_meta":[],"_links":{"self":[{"href":"https:\/\/www.radiomais.ao\/index.php\/wp-json\/wp\/v2\/posts\/3127","targetHints":{"allow":["GET"]}}],"collection":[{"href":"https:\/\/www.radiomais.ao\/index.php\/wp-json\/wp\/v2\/posts"}],"about":[{"href":"https:\/\/www.radiomais.ao\/index.php\/wp-json\/wp\/v2\/types\/post"}],"author":[{"embeddable":true,"href":"https:\/\/www.radiomais.ao\/index.php\/wp-json\/wp\/v2\/users\/3"}],"replies":[{"embeddable":true,"href":"https:\/\/www.radiomais.ao\/index.php\/wp-json\/wp\/v2\/comments?post=3127"}],"version-history":[{"count":1,"href":"https:\/\/www.radiomais.ao\/index.php\/wp-json\/wp\/v2\/posts\/3127\/revisions"}],"predecessor-version":[{"id":3129,"href":"https:\/\/www.radiomais.ao\/index.php\/wp-json\/wp\/v2\/posts\/3127\/revisions\/3129"}],"wp:featuredmedia":[{"embeddable":true,"href":"https:\/\/www.radiomais.ao\/index.php\/wp-json\/wp\/v2\/media\/3128"}],"wp:attachment":[{"href":"https:\/\/www.radiomais.ao\/index.php\/wp-json\/wp\/v2\/media?parent=3127"}],"wp:term":[{"taxonomy":"category","embeddable":true,"href":"https:\/\/www.radiomais.ao\/index.php\/wp-json\/wp\/v2\/categories?post=3127"},{"taxonomy":"post_tag","embeddable":true,"href":"https:\/\/www.radiomais.ao\/index.php\/wp-json\/wp\/v2\/tags?post=3127"}],"curies":[{"name":"wp","href":"https:\/\/api.w.org\/{rel}","templated":true}]}}