{"id":3133,"date":"2025-12-08T09:24:56","date_gmt":"2025-12-08T08:24:56","guid":{"rendered":"https:\/\/www.radiomais.ao\/?p=3133"},"modified":"2025-12-08T15:16:29","modified_gmt":"2025-12-08T14:16:29","slug":"presidente-joao-lourenco-participa-amanha-na-investidura-de-alassane-ouattara-em-abidjan","status":"publish","type":"post","link":"https:\/\/www.radiomais.ao\/index.php\/2025\/12\/08\/presidente-joao-lourenco-participa-amanha-na-investidura-de-alassane-ouattara-em-abidjan\/","title":{"rendered":"Presidente Jo\u00e3o Louren\u00e7o a caminho de Abidjan."},"content":{"rendered":"\n<p>\u200eO Chefe de Estado angolano e Presidente em exerc\u00edcio da Uni\u00e3o Africana, Jo\u00e3o Louren\u00e7o, deixou a capital do pa\u00eds, nas primeiras horas desta segunda-feira, 08, com destino a, Abidjan, na Cote D\u2019Ivoire, onde ir\u00e1 participar na cerim\u00f3nia de investidura do seu hom\u00f3logo ivoirense, Alassane Ouattara.<br>\u200e<br>\u200eA tomada de posse de Ouattara, reeleito para um novo mandato de quatro anos, acontece hoje no Pal\u00e1cio Plateau, sede da Presid\u00eancia da Rep\u00fablica daquele pa\u00eds da parte oeste do Golfo da Guin\u00e9.<br>\u200e<br>\u200eAo desembarcar em Luanda, o Presidente Jo\u00e3o Louren\u00e7o recebeu cumprimentos de despedida da vice-presidente da Rep\u00fablica, Esperan\u00e7a da Costa, e de outros membros do Executivo. Fonte <strong><em><a href=\"https:\/\/www.opais.ao\/politica\/pr-a-caminho-de-abidjan\/\">Opa\u00eds<\/a><\/em><\/strong><\/p>\n\n\n\n<p><\/p>\n","protected":false},"excerpt":{"rendered":"<p>\u200eO Chefe de Estado angolano e Presidente em exerc\u00edcio da Uni\u00e3o Africana, Jo\u00e3o Louren\u00e7o, deixou a capital do pa\u00eds, nas primeiras horas desta segunda-feira, 08, com destino a, Abidjan, na Cote D\u2019Ivoire, onde ir\u00e1 participar na cerim\u00f3nia de investidura do seu hom\u00f3logo ivoirense, Alassane Ouattara.\u200e\u200eA tomada de posse de Ouattara, reeleito para um novo mandato [&hellip;]<\/p>\n","protected":false},"author":3,"featured_media":3168,"comment_status":"open","ping_status":"open","sticky":false,"template":"","format":"standard","meta":{"footnotes":""},"categories":[16],"tags":[1227,1228,132],"class_list":["post-3133","post","type-post","status-publish","format-standard","has-post-thumbnail","hentry","category-actualidade","tag-abidjan","tag-investidura","tag-pr"],"blocksy_meta":[],"_links":{"self":[{"href":"https:\/\/www.radiomais.ao\/index.php\/wp-json\/wp\/v2\/posts\/3133","targetHints":{"allow":["GET"]}}],"collection":[{"href":"https:\/\/www.radiomais.ao\/index.php\/wp-json\/wp\/v2\/posts"}],"about":[{"href":"https:\/\/www.radiomais.ao\/index.php\/wp-json\/wp\/v2\/types\/post"}],"author":[{"embeddable":true,"href":"https:\/\/www.radiomais.ao\/index.php\/wp-json\/wp\/v2\/users\/3"}],"replies":[{"embeddable":true,"href":"https:\/\/www.radiomais.ao\/index.php\/wp-json\/wp\/v2\/comments?post=3133"}],"version-history":[{"count":3,"href":"https:\/\/www.radiomais.ao\/index.php\/wp-json\/wp\/v2\/posts\/3133\/revisions"}],"predecessor-version":[{"id":3169,"href":"https:\/\/www.radiomais.ao\/index.php\/wp-json\/wp\/v2\/posts\/3133\/revisions\/3169"}],"wp:featuredmedia":[{"embeddable":true,"href":"https:\/\/www.radiomais.ao\/index.php\/wp-json\/wp\/v2\/media\/3168"}],"wp:attachment":[{"href":"https:\/\/www.radiomais.ao\/index.php\/wp-json\/wp\/v2\/media?parent=3133"}],"wp:term":[{"taxonomy":"category","embeddable":true,"href":"https:\/\/www.radiomais.ao\/index.php\/wp-json\/wp\/v2\/categories?post=3133"},{"taxonomy":"post_tag","embeddable":true,"href":"https:\/\/www.radiomais.ao\/index.php\/wp-json\/wp\/v2\/tags?post=3133"}],"curies":[{"name":"wp","href":"https:\/\/api.w.org\/{rel}","templated":true}]}}