{"id":3139,"date":"2025-12-08T09:47:36","date_gmt":"2025-12-08T08:47:36","guid":{"rendered":"https:\/\/www.radiomais.ao\/?p=3139"},"modified":"2025-12-08T09:47:36","modified_gmt":"2025-12-08T08:47:36","slug":"falta-de-pagamento-de-subsidios-de-isolamento-no-namibe-gera-contradicoes-entre-estruturas-da-educacao","status":"publish","type":"post","link":"https:\/\/www.radiomais.ao\/index.php\/2025\/12\/08\/falta-de-pagamento-de-subsidios-de-isolamento-no-namibe-gera-contradicoes-entre-estruturas-da-educacao\/","title":{"rendered":"Falta de pagamento de subs\u00eddios de isolamento no Namibe gera contradi\u00e7\u00f5es entre estruturas da educa\u00e7\u00e3o."},"content":{"rendered":"\n<p><strong>Professores de quatro munic\u00edpios, nomeadamente Camucuio, Bibala, virei e T\u00f4mbwa, continuam sem receber 14 meses de subs\u00eddios. Por conta desta situa\u00e7\u00e3o, foi decretada uma greve dos professores nesta zona. Direc\u00e7\u00e3o municipal da Bibala desmente Gabinete Provincial da educa\u00e7\u00e3o, o que os coloca numa situa\u00e7\u00e3o de contradi\u00e7\u00e3o<\/strong>. Fonte <strong><em><a href=\"https:\/\/www.opais.ao\/sociedade\/falta-de-pagamento-de-subsidios-de-isolamento-no-namibe-gera-contradicoes-entre-estruturas-da-educacao\/\">Opa\u00eds<\/a><\/em><\/strong><\/p>\n","protected":false},"excerpt":{"rendered":"<p>Professores de quatro munic\u00edpios, nomeadamente Camucuio, Bibala, virei e T\u00f4mbwa, continuam sem receber 14 meses de subs\u00eddios. Por conta desta situa\u00e7\u00e3o, foi decretada uma greve dos professores nesta zona. Direc\u00e7\u00e3o municipal da Bibala desmente Gabinete Provincial da educa\u00e7\u00e3o, o que os coloca numa situa\u00e7\u00e3o de contradi\u00e7\u00e3o. Fonte Opa\u00eds<\/p>\n","protected":false},"author":3,"featured_media":3141,"comment_status":"open","ping_status":"open","sticky":false,"template":"","format":"standard","meta":{"footnotes":""},"categories":[16],"tags":[172,1233],"class_list":["post-3139","post","type-post","status-publish","format-standard","has-post-thumbnail","hentry","category-actualidade","tag-namibe","tag-subsidio-de-isolamento"],"blocksy_meta":[],"_links":{"self":[{"href":"https:\/\/www.radiomais.ao\/index.php\/wp-json\/wp\/v2\/posts\/3139","targetHints":{"allow":["GET"]}}],"collection":[{"href":"https:\/\/www.radiomais.ao\/index.php\/wp-json\/wp\/v2\/posts"}],"about":[{"href":"https:\/\/www.radiomais.ao\/index.php\/wp-json\/wp\/v2\/types\/post"}],"author":[{"embeddable":true,"href":"https:\/\/www.radiomais.ao\/index.php\/wp-json\/wp\/v2\/users\/3"}],"replies":[{"embeddable":true,"href":"https:\/\/www.radiomais.ao\/index.php\/wp-json\/wp\/v2\/comments?post=3139"}],"version-history":[{"count":1,"href":"https:\/\/www.radiomais.ao\/index.php\/wp-json\/wp\/v2\/posts\/3139\/revisions"}],"predecessor-version":[{"id":3142,"href":"https:\/\/www.radiomais.ao\/index.php\/wp-json\/wp\/v2\/posts\/3139\/revisions\/3142"}],"wp:featuredmedia":[{"embeddable":true,"href":"https:\/\/www.radiomais.ao\/index.php\/wp-json\/wp\/v2\/media\/3141"}],"wp:attachment":[{"href":"https:\/\/www.radiomais.ao\/index.php\/wp-json\/wp\/v2\/media?parent=3139"}],"wp:term":[{"taxonomy":"category","embeddable":true,"href":"https:\/\/www.radiomais.ao\/index.php\/wp-json\/wp\/v2\/categories?post=3139"},{"taxonomy":"post_tag","embeddable":true,"href":"https:\/\/www.radiomais.ao\/index.php\/wp-json\/wp\/v2\/tags?post=3139"}],"curies":[{"name":"wp","href":"https:\/\/api.w.org\/{rel}","templated":true}]}}