{"id":3143,"date":"2025-12-08T11:24:46","date_gmt":"2025-12-08T10:24:46","guid":{"rendered":"https:\/\/www.radiomais.ao\/?p=3143"},"modified":"2025-12-08T11:24:46","modified_gmt":"2025-12-08T10:24:46","slug":"escandalo-de-cesalty-pode-gerar-prejuizos-financeiros-ao-grupo-os-tuneza","status":"publish","type":"post","link":"https:\/\/www.radiomais.ao\/index.php\/2025\/12\/08\/escandalo-de-cesalty-pode-gerar-prejuizos-financeiros-ao-grupo-os-tuneza\/","title":{"rendered":"\u201cEsc\u00e2ndalo\u201d de Cesalty pode gerar preju\u00edzos financeiros ao grupo Os Tuneza."},"content":{"rendered":"\n<p><strong>A informa\u00e7\u00e3o podia passar como mais um \u201cquadro de humor negro\u201d do grupo os tuneza, com a participa\u00e7\u00e3o especial de Buderbala, mas estava longe disso. \u00c9 real. o humorista Cesalty paulo manchou a imagem e o respeit\u00e1vel nome do conjunto ao ser detido e indiciado na alegada pr\u00e1tica de agress\u00e3o sexual \u00e0 filha de cria\u00e7\u00e3o, dos 16 anos at\u00e9 aos 19, como confirmou a pol\u00edcia na \u00faltima segunda-feira. Segundo especialistas contactados pelo Jornal OPA\u00cdS, essa situa\u00e7\u00e3o poder\u00e1 levar ao cancelamento de v\u00e1rios contratos estabelecidos por esse grupo que anima os angolanos desde 2003<\/strong>. Fonte<strong><em><a href=\"https:\/\/www.opais.ao\/cultura\/escandalo-de-cesalty-pode-gerar-prejuizos-financeiros-ao-grupo-os-tuneza\/\"> Opa\u00eds<\/a><\/em><\/strong><\/p>\n","protected":false},"excerpt":{"rendered":"<p>A informa\u00e7\u00e3o podia passar como mais um \u201cquadro de humor negro\u201d do grupo os tuneza, com a participa\u00e7\u00e3o especial de Buderbala, mas estava longe disso. \u00c9 real. o humorista Cesalty paulo manchou a imagem e o respeit\u00e1vel nome do conjunto ao ser detido e indiciado na alegada pr\u00e1tica de agress\u00e3o sexual \u00e0 filha de cria\u00e7\u00e3o, [&hellip;]<\/p>\n","protected":false},"author":3,"featured_media":3144,"comment_status":"open","ping_status":"open","sticky":false,"template":"","format":"standard","meta":{"footnotes":""},"categories":[16],"tags":[1235,1234,1237,1236],"class_list":["post-3143","post","type-post","status-publish","format-standard","has-post-thumbnail","hentry","category-actualidade","tag-cesalty","tag-escandalo","tag-grupo-tunezas","tag-tunezas"],"blocksy_meta":[],"_links":{"self":[{"href":"https:\/\/www.radiomais.ao\/index.php\/wp-json\/wp\/v2\/posts\/3143","targetHints":{"allow":["GET"]}}],"collection":[{"href":"https:\/\/www.radiomais.ao\/index.php\/wp-json\/wp\/v2\/posts"}],"about":[{"href":"https:\/\/www.radiomais.ao\/index.php\/wp-json\/wp\/v2\/types\/post"}],"author":[{"embeddable":true,"href":"https:\/\/www.radiomais.ao\/index.php\/wp-json\/wp\/v2\/users\/3"}],"replies":[{"embeddable":true,"href":"https:\/\/www.radiomais.ao\/index.php\/wp-json\/wp\/v2\/comments?post=3143"}],"version-history":[{"count":1,"href":"https:\/\/www.radiomais.ao\/index.php\/wp-json\/wp\/v2\/posts\/3143\/revisions"}],"predecessor-version":[{"id":3145,"href":"https:\/\/www.radiomais.ao\/index.php\/wp-json\/wp\/v2\/posts\/3143\/revisions\/3145"}],"wp:featuredmedia":[{"embeddable":true,"href":"https:\/\/www.radiomais.ao\/index.php\/wp-json\/wp\/v2\/media\/3144"}],"wp:attachment":[{"href":"https:\/\/www.radiomais.ao\/index.php\/wp-json\/wp\/v2\/media?parent=3143"}],"wp:term":[{"taxonomy":"category","embeddable":true,"href":"https:\/\/www.radiomais.ao\/index.php\/wp-json\/wp\/v2\/categories?post=3143"},{"taxonomy":"post_tag","embeddable":true,"href":"https:\/\/www.radiomais.ao\/index.php\/wp-json\/wp\/v2\/tags?post=3143"}],"curies":[{"name":"wp","href":"https:\/\/api.w.org\/{rel}","templated":true}]}}