{"id":3147,"date":"2025-12-08T12:48:16","date_gmt":"2025-12-08T11:48:16","guid":{"rendered":"https:\/\/www.radiomais.ao\/?p=3147"},"modified":"2025-12-08T12:51:45","modified_gmt":"2025-12-08T11:51:45","slug":"chuvas-provocam-1-desaparecido-e-deixa-mais-de-300-pessoas-ao-relento-em-luanda","status":"publish","type":"post","link":"https:\/\/www.radiomais.ao\/index.php\/2025\/12\/08\/chuvas-provocam-1-desaparecido-e-deixa-mais-de-300-pessoas-ao-relento-em-luanda\/","title":{"rendered":"Chuvas provocam 1 desaparecido e deixa mais de 300 pessoas ao relento, em Luanda."},"content":{"rendered":"\n<p>Um adolescente foi arrastado pelas correntezas das \u00e1guas das chuvas que se abateram nas \u00faltima horas na prov\u00edncia de Luanda, onde mais 60 resid\u00eancias foram inundadas.<\/p>\n\n\n\n<p>O facto aconteceu no munic\u00edpio do Kilamba Kiaxi, de acordo com porta-voz nacional do Servi\u00e7o de Protec\u00e7\u00e3o Civil e Bombeiros, W\u00edlson Baptista, que confirmou por outro lado opera\u00e7\u00f5es de buscas.<\/p>\n\n\n<div style=\"font-size: 10px;color: #cccccc;overflow: hidden;white-space: nowrap;font-family: Interstate,Lucida Grande,Lucida Sans Unicode,Lucida Sans,Garuda,Verdana,Tahoma,sans-serif;font-weight: 100\"><a href=\"https:\/\/soundcloud.com\/radio-mais-luanda\" title=\"RadioMais\" target=\"_blank\" style=\"color: #cccccc;text-decoration: none\">RadioMais<\/a> \u00b7 <a href=\"https:\/\/soundcloud.com\/radio-mais-luanda\/chuvas-em-luanda-deixa-mais-de-300-ao-relento-e-1-desaparecido\" title=\"Chuvas em Luanda deixa mais de 300 ao relento e 1 desaparecido.\" target=\"_blank\" style=\"color: #cccccc;text-decoration: none\">Chuvas em Luanda deixa mais de 300 ao relento e 1 desaparecido.<\/a><\/div>\n\n\n\n<p><\/p>\n","protected":false},"excerpt":{"rendered":"<p>Um adolescente foi arrastado pelas correntezas das \u00e1guas das chuvas que se abateram nas \u00faltima horas na prov\u00edncia de Luanda, onde mais 60 resid\u00eancias foram inundadas. O facto aconteceu no munic\u00edpio do Kilamba Kiaxi, de acordo com porta-voz nacional do Servi\u00e7o de Protec\u00e7\u00e3o Civil e Bombeiros, W\u00edlson Baptista, que confirmou por outro lado opera\u00e7\u00f5es de [&hellip;]<\/p>\n","protected":false},"author":3,"featured_media":3148,"comment_status":"open","ping_status":"open","sticky":false,"template":"","format":"standard","meta":{"footnotes":""},"categories":[16],"tags":[1238,1239,1240],"class_list":["post-3147","post","type-post","status-publish","format-standard","has-post-thumbnail","hentry","category-actualidade","tag-chuvas","tag-desaparecido","tag-pessoas-ao-relento"],"blocksy_meta":[],"_links":{"self":[{"href":"https:\/\/www.radiomais.ao\/index.php\/wp-json\/wp\/v2\/posts\/3147","targetHints":{"allow":["GET"]}}],"collection":[{"href":"https:\/\/www.radiomais.ao\/index.php\/wp-json\/wp\/v2\/posts"}],"about":[{"href":"https:\/\/www.radiomais.ao\/index.php\/wp-json\/wp\/v2\/types\/post"}],"author":[{"embeddable":true,"href":"https:\/\/www.radiomais.ao\/index.php\/wp-json\/wp\/v2\/users\/3"}],"replies":[{"embeddable":true,"href":"https:\/\/www.radiomais.ao\/index.php\/wp-json\/wp\/v2\/comments?post=3147"}],"version-history":[{"count":1,"href":"https:\/\/www.radiomais.ao\/index.php\/wp-json\/wp\/v2\/posts\/3147\/revisions"}],"predecessor-version":[{"id":3149,"href":"https:\/\/www.radiomais.ao\/index.php\/wp-json\/wp\/v2\/posts\/3147\/revisions\/3149"}],"wp:featuredmedia":[{"embeddable":true,"href":"https:\/\/www.radiomais.ao\/index.php\/wp-json\/wp\/v2\/media\/3148"}],"wp:attachment":[{"href":"https:\/\/www.radiomais.ao\/index.php\/wp-json\/wp\/v2\/media?parent=3147"}],"wp:term":[{"taxonomy":"category","embeddable":true,"href":"https:\/\/www.radiomais.ao\/index.php\/wp-json\/wp\/v2\/categories?post=3147"},{"taxonomy":"post_tag","embeddable":true,"href":"https:\/\/www.radiomais.ao\/index.php\/wp-json\/wp\/v2\/tags?post=3147"}],"curies":[{"name":"wp","href":"https:\/\/api.w.org\/{rel}","templated":true}]}}