{"id":3160,"date":"2025-12-08T15:00:13","date_gmt":"2025-12-08T14:00:13","guid":{"rendered":"https:\/\/www.radiomais.ao\/?p=3160"},"modified":"2025-12-08T15:00:13","modified_gmt":"2025-12-08T14:00:13","slug":"historiador-boubacar-keita-defende-revisao-dos-acordos-de-cooperacao-entre-africa-e-a-europa","status":"publish","type":"post","link":"https:\/\/www.radiomais.ao\/index.php\/2025\/12\/08\/historiador-boubacar-keita-defende-revisao-dos-acordos-de-cooperacao-entre-africa-e-a-europa\/","title":{"rendered":"Historiador Boubacar Keita defende revis\u00e3o dos acordos de coopera\u00e7\u00e3o entre \u00c1frica e a Europa."},"content":{"rendered":"\n<p>O Professor Catedr\u00e1tico Boubacar Keita, defende mudan\u00e7as no actual sistema de educa\u00e7\u00e3o, bem como um revis\u00e3o dos acordos de coopera\u00e7\u00e3o entre \u00c1frica e a Europa.<\/p>\n\n\n\n<p>O Historiador angolano de origem maliana que vive no pa\u00eds desde 1984, diz que a Europa n\u00e3o est\u00e1 preocupada com o desenvolvimento do continente africano.<\/p>\n\n\n<div style=\"font-size: 10px;color: #cccccc;overflow: hidden;white-space: nowrap;font-family: Interstate,Lucida Grande,Lucida Sans Unicode,Lucida Sans,Garuda,Verdana,Tahoma,sans-serif;font-weight: 100\"><a href=\"https:\/\/soundcloud.com\/radio-mais-luanda\" title=\"RadioMais\" target=\"_blank\" style=\"color: #cccccc;text-decoration: none\">RadioMais<\/a> \u00b7 <a href=\"https:\/\/soundcloud.com\/radio-mais-luanda\/historiador-boubacar-keita-defende-revisao-dos-acordos-de-cooperacao-entre-africa-e-a-europa\" title=\"Historiador Boubacar Keita defende revis\u00e3o dos acordos de coopera\u00e7\u00e3o entre \u00c1frica e a Europa.\" target=\"_blank\" style=\"color: #cccccc;text-decoration: none\">Historiador Boubacar Keita defende revis\u00e3o dos acordos de coopera\u00e7\u00e3o entre \u00c1frica e a Europa.<\/a><\/div>\n","protected":false},"excerpt":{"rendered":"<p>O Professor Catedr\u00e1tico Boubacar Keita, defende mudan\u00e7as no actual sistema de educa\u00e7\u00e3o, bem como um revis\u00e3o dos acordos de coopera\u00e7\u00e3o entre \u00c1frica e a Europa. O Historiador angolano de origem maliana que vive no pa\u00eds desde 1984, diz que a Europa n\u00e3o est\u00e1 preocupada com o desenvolvimento do continente africano.<\/p>\n","protected":false},"author":3,"featured_media":3161,"comment_status":"open","ping_status":"open","sticky":false,"template":"","format":"standard","meta":{"footnotes":""},"categories":[16],"tags":[1246,1245],"class_list":["post-3160","post","type-post","status-publish","format-standard","has-post-thumbnail","hentry","category-actualidade","tag-acordos","tag-historiador-boubacar-keita"],"blocksy_meta":[],"_links":{"self":[{"href":"https:\/\/www.radiomais.ao\/index.php\/wp-json\/wp\/v2\/posts\/3160","targetHints":{"allow":["GET"]}}],"collection":[{"href":"https:\/\/www.radiomais.ao\/index.php\/wp-json\/wp\/v2\/posts"}],"about":[{"href":"https:\/\/www.radiomais.ao\/index.php\/wp-json\/wp\/v2\/types\/post"}],"author":[{"embeddable":true,"href":"https:\/\/www.radiomais.ao\/index.php\/wp-json\/wp\/v2\/users\/3"}],"replies":[{"embeddable":true,"href":"https:\/\/www.radiomais.ao\/index.php\/wp-json\/wp\/v2\/comments?post=3160"}],"version-history":[{"count":1,"href":"https:\/\/www.radiomais.ao\/index.php\/wp-json\/wp\/v2\/posts\/3160\/revisions"}],"predecessor-version":[{"id":3162,"href":"https:\/\/www.radiomais.ao\/index.php\/wp-json\/wp\/v2\/posts\/3160\/revisions\/3162"}],"wp:featuredmedia":[{"embeddable":true,"href":"https:\/\/www.radiomais.ao\/index.php\/wp-json\/wp\/v2\/media\/3161"}],"wp:attachment":[{"href":"https:\/\/www.radiomais.ao\/index.php\/wp-json\/wp\/v2\/media?parent=3160"}],"wp:term":[{"taxonomy":"category","embeddable":true,"href":"https:\/\/www.radiomais.ao\/index.php\/wp-json\/wp\/v2\/categories?post=3160"},{"taxonomy":"post_tag","embeddable":true,"href":"https:\/\/www.radiomais.ao\/index.php\/wp-json\/wp\/v2\/tags?post=3160"}],"curies":[{"name":"wp","href":"https:\/\/api.w.org\/{rel}","templated":true}]}}