{"id":3164,"date":"2025-12-08T15:11:26","date_gmt":"2025-12-08T14:11:26","guid":{"rendered":"https:\/\/www.radiomais.ao\/?p=3164"},"modified":"2025-12-08T15:11:26","modified_gmt":"2025-12-08T14:11:26","slug":"pr-chega-a-cote-divoire","status":"publish","type":"post","link":"https:\/\/www.radiomais.ao\/index.php\/2025\/12\/08\/pr-chega-a-cote-divoire\/","title":{"rendered":"PR chega a Cote D\u2019Ivoire."},"content":{"rendered":"\n<p>O Presidente da Rep\u00fablica, Jo\u00e3o Louren\u00e7o, desembarcou a instantes na cidade de Abidjan, principal centro econ\u00f3mico da Cote D\u2019Ivoire, a fim de participar na cerim\u00f3nia de tomada de posse do seu hom\u00f3logo ivoirense, Alassane Ouattara, que acontece esta segunda-feira, 08, no Pal\u00e1cio Plateau. Fonte<strong><em><a href=\"https:\/\/www.opais.ao\/politica\/pr-chega-a-cote-divoire\/\"> Opa\u00eds<\/a><\/em><\/strong><\/p>\n\n\n\n<p><\/p>\n","protected":false},"excerpt":{"rendered":"<p>O Presidente da Rep\u00fablica, Jo\u00e3o Louren\u00e7o, desembarcou a instantes na cidade de Abidjan, principal centro econ\u00f3mico da Cote D\u2019Ivoire, a fim de participar na cerim\u00f3nia de tomada de posse do seu hom\u00f3logo ivoirense, Alassane Ouattara, que acontece esta segunda-feira, 08, no Pal\u00e1cio Plateau. Fonte Opa\u00eds<\/p>\n","protected":false},"author":3,"featured_media":3165,"comment_status":"open","ping_status":"open","sticky":false,"template":"","format":"standard","meta":{"footnotes":""},"categories":[16],"tags":[1247,717],"class_list":["post-3164","post","type-post","status-publish","format-standard","has-post-thumbnail","hentry","category-actualidade","tag-cote-dvoire","tag-pr-joao-lourenco"],"blocksy_meta":[],"_links":{"self":[{"href":"https:\/\/www.radiomais.ao\/index.php\/wp-json\/wp\/v2\/posts\/3164","targetHints":{"allow":["GET"]}}],"collection":[{"href":"https:\/\/www.radiomais.ao\/index.php\/wp-json\/wp\/v2\/posts"}],"about":[{"href":"https:\/\/www.radiomais.ao\/index.php\/wp-json\/wp\/v2\/types\/post"}],"author":[{"embeddable":true,"href":"https:\/\/www.radiomais.ao\/index.php\/wp-json\/wp\/v2\/users\/3"}],"replies":[{"embeddable":true,"href":"https:\/\/www.radiomais.ao\/index.php\/wp-json\/wp\/v2\/comments?post=3164"}],"version-history":[{"count":1,"href":"https:\/\/www.radiomais.ao\/index.php\/wp-json\/wp\/v2\/posts\/3164\/revisions"}],"predecessor-version":[{"id":3166,"href":"https:\/\/www.radiomais.ao\/index.php\/wp-json\/wp\/v2\/posts\/3164\/revisions\/3166"}],"wp:featuredmedia":[{"embeddable":true,"href":"https:\/\/www.radiomais.ao\/index.php\/wp-json\/wp\/v2\/media\/3165"}],"wp:attachment":[{"href":"https:\/\/www.radiomais.ao\/index.php\/wp-json\/wp\/v2\/media?parent=3164"}],"wp:term":[{"taxonomy":"category","embeddable":true,"href":"https:\/\/www.radiomais.ao\/index.php\/wp-json\/wp\/v2\/categories?post=3164"},{"taxonomy":"post_tag","embeddable":true,"href":"https:\/\/www.radiomais.ao\/index.php\/wp-json\/wp\/v2\/tags?post=3164"}],"curies":[{"name":"wp","href":"https:\/\/api.w.org\/{rel}","templated":true}]}}