{"id":3170,"date":"2025-12-08T15:21:00","date_gmt":"2025-12-08T14:21:00","guid":{"rendered":"https:\/\/www.radiomais.ao\/?p=3170"},"modified":"2025-12-08T15:21:00","modified_gmt":"2025-12-08T14:21:00","slug":"diamantino-azevedo-trabalha-na-provincia-do-cuanza-sul","status":"publish","type":"post","link":"https:\/\/www.radiomais.ao\/index.php\/2025\/12\/08\/diamantino-azevedo-trabalha-na-provincia-do-cuanza-sul\/","title":{"rendered":"Diamantino Azevedo trabalha na prov\u00edncia do Cuanza Sul."},"content":{"rendered":"\n<p>\u200eO ministro dos Recursos Minerais, Petr\u00f3leo e G\u00e1s, Diamantino Azevedo, mant\u00e9m, esta segunda-feira, 08, na cidade do Sumbe, um encontro de trabalho com membros do governo provincial do Cuanza Sul. Fonte <strong><em><a href=\"https:\/\/www.opais.ao\/economia\/diamantino-azevedo-trabalha-na-provincia-do-cuanza-sul\/\">Opa\u00eds<\/a><\/em><\/strong><br>\u200e<\/p>\n","protected":false},"excerpt":{"rendered":"<p>\u200eO ministro dos Recursos Minerais, Petr\u00f3leo e G\u00e1s, Diamantino Azevedo, mant\u00e9m, esta segunda-feira, 08, na cidade do Sumbe, um encontro de trabalho com membros do governo provincial do Cuanza Sul. Fonte Opa\u00eds\u200e<\/p>\n","protected":false},"author":3,"featured_media":3171,"comment_status":"open","ping_status":"open","sticky":false,"template":"","format":"standard","meta":{"footnotes":""},"categories":[16],"tags":[1248,1249,1180],"class_list":["post-3170","post","type-post","status-publish","format-standard","has-post-thumbnail","hentry","category-actualidade","tag-diamantino-azevedo","tag-no-cuanza-sul","tag-trabalha"],"blocksy_meta":[],"_links":{"self":[{"href":"https:\/\/www.radiomais.ao\/index.php\/wp-json\/wp\/v2\/posts\/3170","targetHints":{"allow":["GET"]}}],"collection":[{"href":"https:\/\/www.radiomais.ao\/index.php\/wp-json\/wp\/v2\/posts"}],"about":[{"href":"https:\/\/www.radiomais.ao\/index.php\/wp-json\/wp\/v2\/types\/post"}],"author":[{"embeddable":true,"href":"https:\/\/www.radiomais.ao\/index.php\/wp-json\/wp\/v2\/users\/3"}],"replies":[{"embeddable":true,"href":"https:\/\/www.radiomais.ao\/index.php\/wp-json\/wp\/v2\/comments?post=3170"}],"version-history":[{"count":1,"href":"https:\/\/www.radiomais.ao\/index.php\/wp-json\/wp\/v2\/posts\/3170\/revisions"}],"predecessor-version":[{"id":3172,"href":"https:\/\/www.radiomais.ao\/index.php\/wp-json\/wp\/v2\/posts\/3170\/revisions\/3172"}],"wp:featuredmedia":[{"embeddable":true,"href":"https:\/\/www.radiomais.ao\/index.php\/wp-json\/wp\/v2\/media\/3171"}],"wp:attachment":[{"href":"https:\/\/www.radiomais.ao\/index.php\/wp-json\/wp\/v2\/media?parent=3170"}],"wp:term":[{"taxonomy":"category","embeddable":true,"href":"https:\/\/www.radiomais.ao\/index.php\/wp-json\/wp\/v2\/categories?post=3170"},{"taxonomy":"post_tag","embeddable":true,"href":"https:\/\/www.radiomais.ao\/index.php\/wp-json\/wp\/v2\/tags?post=3170"}],"curies":[{"name":"wp","href":"https:\/\/api.w.org\/{rel}","templated":true}]}}