{"id":3174,"date":"2025-12-08T15:24:58","date_gmt":"2025-12-08T14:24:58","guid":{"rendered":"https:\/\/www.radiomais.ao\/?p=3174"},"modified":"2025-12-08T15:24:58","modified_gmt":"2025-12-08T14:24:58","slug":"hospital-do-lubango-realiza-com-exito-primeira-cirurgia-a-coluna-vertebral","status":"publish","type":"post","link":"https:\/\/www.radiomais.ao\/index.php\/2025\/12\/08\/hospital-do-lubango-realiza-com-exito-primeira-cirurgia-a-coluna-vertebral\/","title":{"rendered":"Hospital do Lubango realiza com \u00eaxito primeira cirurgia \u00e0 coluna vertebral."},"content":{"rendered":"\n<p>O Hospital Central do Lubango, prov\u00edncia da Hu\u00edla, maior unidade sanit\u00e1ria do centro\/sul do pa\u00eds, realizou com sucesso, na semana finda, a primeira cirurgia de alta complexidade de estabiliza\u00e7\u00e3o da coluna vertebral, o que consolida a capacidade t\u00e9cnico-cir\u00fargica daquela infra-estrutura de sa\u00fade. Fonte <strong><em><a href=\"https:\/\/www.opais.ao\/ultimas_hora\/hospital-do-lubango-realiza-com-exito-primeira-cirurgia-a-coluna-vertebral\/\">Opa\u00eds<\/a><\/em><\/strong><\/p>\n","protected":false},"excerpt":{"rendered":"<p>O Hospital Central do Lubango, prov\u00edncia da Hu\u00edla, maior unidade sanit\u00e1ria do centro\/sul do pa\u00eds, realizou com sucesso, na semana finda, a primeira cirurgia de alta complexidade de estabiliza\u00e7\u00e3o da coluna vertebral, o que consolida a capacidade t\u00e9cnico-cir\u00fargica daquela infra-estrutura de sa\u00fade. Fonte Opa\u00eds<\/p>\n","protected":false},"author":3,"featured_media":3175,"comment_status":"open","ping_status":"open","sticky":false,"template":"","format":"standard","meta":{"footnotes":""},"categories":[16],"tags":[1251,1252,1250],"class_list":["post-3174","post","type-post","status-publish","format-standard","has-post-thumbnail","hentry","category-actualidade","tag-cirurgia-a-coluna-vertebral","tag-exitos","tag-hospital-geral-do-lubango"],"blocksy_meta":[],"_links":{"self":[{"href":"https:\/\/www.radiomais.ao\/index.php\/wp-json\/wp\/v2\/posts\/3174","targetHints":{"allow":["GET"]}}],"collection":[{"href":"https:\/\/www.radiomais.ao\/index.php\/wp-json\/wp\/v2\/posts"}],"about":[{"href":"https:\/\/www.radiomais.ao\/index.php\/wp-json\/wp\/v2\/types\/post"}],"author":[{"embeddable":true,"href":"https:\/\/www.radiomais.ao\/index.php\/wp-json\/wp\/v2\/users\/3"}],"replies":[{"embeddable":true,"href":"https:\/\/www.radiomais.ao\/index.php\/wp-json\/wp\/v2\/comments?post=3174"}],"version-history":[{"count":1,"href":"https:\/\/www.radiomais.ao\/index.php\/wp-json\/wp\/v2\/posts\/3174\/revisions"}],"predecessor-version":[{"id":3176,"href":"https:\/\/www.radiomais.ao\/index.php\/wp-json\/wp\/v2\/posts\/3174\/revisions\/3176"}],"wp:featuredmedia":[{"embeddable":true,"href":"https:\/\/www.radiomais.ao\/index.php\/wp-json\/wp\/v2\/media\/3175"}],"wp:attachment":[{"href":"https:\/\/www.radiomais.ao\/index.php\/wp-json\/wp\/v2\/media?parent=3174"}],"wp:term":[{"taxonomy":"category","embeddable":true,"href":"https:\/\/www.radiomais.ao\/index.php\/wp-json\/wp\/v2\/categories?post=3174"},{"taxonomy":"post_tag","embeddable":true,"href":"https:\/\/www.radiomais.ao\/index.php\/wp-json\/wp\/v2\/tags?post=3174"}],"curies":[{"name":"wp","href":"https:\/\/api.w.org\/{rel}","templated":true}]}}