{"id":3177,"date":"2025-12-08T15:36:22","date_gmt":"2025-12-08T14:36:22","guid":{"rendered":"https:\/\/www.radiomais.ao\/?p=3177"},"modified":"2025-12-08T15:36:22","modified_gmt":"2025-12-08T14:36:22","slug":"repatriados-mais-de-500-imigrantes-ilegais-da-rdc","status":"publish","type":"post","link":"https:\/\/www.radiomais.ao\/index.php\/2025\/12\/08\/repatriados-mais-de-500-imigrantes-ilegais-da-rdc\/","title":{"rendered":"Repatriados mais de 500 imigrantes ilegais da RDC."},"content":{"rendered":"\n<p>O porta-voz do comando provincial da Pol\u00edcia Nacional na Lunda Norte, Domingos Muanafumo, anunciou que as autoridades locais repatriaram, na \u00faltima semana, quinhentos e 31 cidad\u00e3os da Rep\u00fablica Democr\u00e1tica do Congo, entre os quais 73 crian\u00e7as, por perman\u00eancia e entrada clandestina em solo angolano. Fonte <strong><em><a href=\"https:\/\/www.opais.ao\/sociedade\/repatriados-mais-de-500-imigrantes-ilegais-da-rdc\/\">Opa\u00eds<\/a><\/em><\/strong><\/p>\n","protected":false},"excerpt":{"rendered":"<p>O porta-voz do comando provincial da Pol\u00edcia Nacional na Lunda Norte, Domingos Muanafumo, anunciou que as autoridades locais repatriaram, na \u00faltima semana, quinhentos e 31 cidad\u00e3os da Rep\u00fablica Democr\u00e1tica do Congo, entre os quais 73 crian\u00e7as, por perman\u00eancia e entrada clandestina em solo angolano. Fonte Opa\u00eds<\/p>\n","protected":false},"author":3,"featured_media":3178,"comment_status":"open","ping_status":"open","sticky":false,"template":"","format":"standard","meta":{"footnotes":""},"categories":[16],"tags":[1255,1254,1253],"class_list":["post-3177","post","type-post","status-publish","format-standard","has-post-thumbnail","hentry","category-actualidade","tag-congoleses","tag-imigrantes","tag-repatriados"],"blocksy_meta":[],"_links":{"self":[{"href":"https:\/\/www.radiomais.ao\/index.php\/wp-json\/wp\/v2\/posts\/3177","targetHints":{"allow":["GET"]}}],"collection":[{"href":"https:\/\/www.radiomais.ao\/index.php\/wp-json\/wp\/v2\/posts"}],"about":[{"href":"https:\/\/www.radiomais.ao\/index.php\/wp-json\/wp\/v2\/types\/post"}],"author":[{"embeddable":true,"href":"https:\/\/www.radiomais.ao\/index.php\/wp-json\/wp\/v2\/users\/3"}],"replies":[{"embeddable":true,"href":"https:\/\/www.radiomais.ao\/index.php\/wp-json\/wp\/v2\/comments?post=3177"}],"version-history":[{"count":1,"href":"https:\/\/www.radiomais.ao\/index.php\/wp-json\/wp\/v2\/posts\/3177\/revisions"}],"predecessor-version":[{"id":3179,"href":"https:\/\/www.radiomais.ao\/index.php\/wp-json\/wp\/v2\/posts\/3177\/revisions\/3179"}],"wp:featuredmedia":[{"embeddable":true,"href":"https:\/\/www.radiomais.ao\/index.php\/wp-json\/wp\/v2\/media\/3178"}],"wp:attachment":[{"href":"https:\/\/www.radiomais.ao\/index.php\/wp-json\/wp\/v2\/media?parent=3177"}],"wp:term":[{"taxonomy":"category","embeddable":true,"href":"https:\/\/www.radiomais.ao\/index.php\/wp-json\/wp\/v2\/categories?post=3177"},{"taxonomy":"post_tag","embeddable":true,"href":"https:\/\/www.radiomais.ao\/index.php\/wp-json\/wp\/v2\/tags?post=3177"}],"curies":[{"name":"wp","href":"https:\/\/api.w.org\/{rel}","templated":true}]}}