{"id":3183,"date":"2025-12-08T15:48:57","date_gmt":"2025-12-08T14:48:57","guid":{"rendered":"https:\/\/www.radiomais.ao\/?p=3183"},"modified":"2025-12-08T15:48:57","modified_gmt":"2025-12-08T14:48:57","slug":"bombeiros-registam-mais-de-vinte-mortos-no-ultimo-fim-de-semana","status":"publish","type":"post","link":"https:\/\/www.radiomais.ao\/index.php\/2025\/12\/08\/bombeiros-registam-mais-de-vinte-mortos-no-ultimo-fim-de-semana\/","title":{"rendered":"Bombeiros registam mais de vinte mortos no \u00faltimo fim-de-semana."},"content":{"rendered":"\n<p>O Servi\u00e7o de Protec\u00e7\u00e3o Civil e Bombeiros registou, nas \u00faltimas 72 horas, em todo o pa\u00eds, um total de 127 ocorr\u00eancias, que causaram 66 v\u00edtimas das quais 23 foram mortais, o que representa um acr\u00e9scimo de 19 mortes em rela\u00e7\u00e3o ao per\u00edodo anterior.Dos casos que foram a \u00f3bito, de acordo com o subcomiss\u00e1rio bombeiro Wilson Baptista, 11 foram por presum\u00edveis afogamentos, seis por acidentes de via\u00e7\u00e3o, dois por descargas atmosf\u00e9ricas, dois por presum\u00edveis suic\u00eddios por enforcamentos, um por queimaduras em inc\u00eandio e um por causas desconhecida.<\/p>\n\n\n\n<p>Quanto aos 43 feridos, a fonte revelou que 25 foram por acidentes rodovi\u00e1rios, oito por queimaduras, quatro por agress\u00f5es f\u00edsicas, dois por ataques de animais, dois por picadas de insectos, um por acidente dom\u00e9stico e igual n\u00famero por queda aparatosa.<\/p>\n","protected":false},"excerpt":{"rendered":"<p>O Servi\u00e7o de Protec\u00e7\u00e3o Civil e Bombeiros registou, nas \u00faltimas 72 horas, em todo o pa\u00eds, um total de 127 ocorr\u00eancias, que causaram 66 v\u00edtimas das quais 23 foram mortais, o que representa um acr\u00e9scimo de 19 mortes em rela\u00e7\u00e3o ao per\u00edodo anterior.Dos casos que foram a \u00f3bito, de acordo com o subcomiss\u00e1rio bombeiro Wilson [&hellip;]<\/p>\n","protected":false},"author":3,"featured_media":3184,"comment_status":"open","ping_status":"open","sticky":false,"template":"","format":"standard","meta":{"footnotes":""},"categories":[16],"tags":[270,1258],"class_list":["post-3183","post","type-post","status-publish","format-standard","has-post-thumbnail","hentry","category-actualidade","tag-bombeiros","tag-fim-de-semana-2"],"blocksy_meta":[],"_links":{"self":[{"href":"https:\/\/www.radiomais.ao\/index.php\/wp-json\/wp\/v2\/posts\/3183","targetHints":{"allow":["GET"]}}],"collection":[{"href":"https:\/\/www.radiomais.ao\/index.php\/wp-json\/wp\/v2\/posts"}],"about":[{"href":"https:\/\/www.radiomais.ao\/index.php\/wp-json\/wp\/v2\/types\/post"}],"author":[{"embeddable":true,"href":"https:\/\/www.radiomais.ao\/index.php\/wp-json\/wp\/v2\/users\/3"}],"replies":[{"embeddable":true,"href":"https:\/\/www.radiomais.ao\/index.php\/wp-json\/wp\/v2\/comments?post=3183"}],"version-history":[{"count":1,"href":"https:\/\/www.radiomais.ao\/index.php\/wp-json\/wp\/v2\/posts\/3183\/revisions"}],"predecessor-version":[{"id":3185,"href":"https:\/\/www.radiomais.ao\/index.php\/wp-json\/wp\/v2\/posts\/3183\/revisions\/3185"}],"wp:featuredmedia":[{"embeddable":true,"href":"https:\/\/www.radiomais.ao\/index.php\/wp-json\/wp\/v2\/media\/3184"}],"wp:attachment":[{"href":"https:\/\/www.radiomais.ao\/index.php\/wp-json\/wp\/v2\/media?parent=3183"}],"wp:term":[{"taxonomy":"category","embeddable":true,"href":"https:\/\/www.radiomais.ao\/index.php\/wp-json\/wp\/v2\/categories?post=3183"},{"taxonomy":"post_tag","embeddable":true,"href":"https:\/\/www.radiomais.ao\/index.php\/wp-json\/wp\/v2\/tags?post=3183"}],"curies":[{"name":"wp","href":"https:\/\/api.w.org\/{rel}","templated":true}]}}