{"id":3193,"date":"2025-12-09T08:32:53","date_gmt":"2025-12-09T07:32:53","guid":{"rendered":"https:\/\/www.radiomais.ao\/?p=3193"},"modified":"2025-12-09T08:32:53","modified_gmt":"2025-12-09T07:32:53","slug":"presidente-da-republica-aborda-cooperacao-bilateral-com-subsecretario-norte-americano","status":"publish","type":"post","link":"https:\/\/www.radiomais.ao\/index.php\/2025\/12\/09\/presidente-da-republica-aborda-cooperacao-bilateral-com-subsecretario-norte-americano\/","title":{"rendered":"Presidente da Rep\u00fablica aborda coopera\u00e7\u00e3o bilateral com subsecret\u00e1rio norte-americano."},"content":{"rendered":"\n<p><strong>O Presidente da Rep\u00fablica, Jo\u00e3o Louren\u00e7o, recebeu, nesta segunda-feira, 8, em audi\u00eancia, em Abidjan, C\u00f4te D\u2019Ivoire, o subsecret\u00e1rio de Estado para os Assuntos Econ\u00f3micos dos Estados Unidos da Am\u00e9rica, Jacob Helberg<\/strong>. Fonte <strong><em><a href=\"https:\/\/www.opais.ao\/politica\/presidente-da-republica-aborda-cooperacao-bilateral-com-subsecretario-norte-americano\/\">Opa\u00eds<\/a><\/em><\/strong><\/p>\n","protected":false},"excerpt":{"rendered":"<p>O Presidente da Rep\u00fablica, Jo\u00e3o Louren\u00e7o, recebeu, nesta segunda-feira, 8, em audi\u00eancia, em Abidjan, C\u00f4te D\u2019Ivoire, o subsecret\u00e1rio de Estado para os Assuntos Econ\u00f3micos dos Estados Unidos da Am\u00e9rica, Jacob Helberg. Fonte Opa\u00eds<\/p>\n","protected":false},"author":3,"featured_media":3194,"comment_status":"open","ping_status":"open","sticky":false,"template":"","format":"standard","meta":{"footnotes":""},"categories":[16],"tags":[1261,132,1262],"class_list":["post-3193","post","type-post","status-publish","format-standard","has-post-thumbnail","hentry","category-actualidade","tag-cooperacao-bilateral","tag-pr","tag-subsecretario"],"blocksy_meta":[],"_links":{"self":[{"href":"https:\/\/www.radiomais.ao\/index.php\/wp-json\/wp\/v2\/posts\/3193","targetHints":{"allow":["GET"]}}],"collection":[{"href":"https:\/\/www.radiomais.ao\/index.php\/wp-json\/wp\/v2\/posts"}],"about":[{"href":"https:\/\/www.radiomais.ao\/index.php\/wp-json\/wp\/v2\/types\/post"}],"author":[{"embeddable":true,"href":"https:\/\/www.radiomais.ao\/index.php\/wp-json\/wp\/v2\/users\/3"}],"replies":[{"embeddable":true,"href":"https:\/\/www.radiomais.ao\/index.php\/wp-json\/wp\/v2\/comments?post=3193"}],"version-history":[{"count":1,"href":"https:\/\/www.radiomais.ao\/index.php\/wp-json\/wp\/v2\/posts\/3193\/revisions"}],"predecessor-version":[{"id":3195,"href":"https:\/\/www.radiomais.ao\/index.php\/wp-json\/wp\/v2\/posts\/3193\/revisions\/3195"}],"wp:featuredmedia":[{"embeddable":true,"href":"https:\/\/www.radiomais.ao\/index.php\/wp-json\/wp\/v2\/media\/3194"}],"wp:attachment":[{"href":"https:\/\/www.radiomais.ao\/index.php\/wp-json\/wp\/v2\/media?parent=3193"}],"wp:term":[{"taxonomy":"category","embeddable":true,"href":"https:\/\/www.radiomais.ao\/index.php\/wp-json\/wp\/v2\/categories?post=3193"},{"taxonomy":"post_tag","embeddable":true,"href":"https:\/\/www.radiomais.ao\/index.php\/wp-json\/wp\/v2\/tags?post=3193"}],"curies":[{"name":"wp","href":"https:\/\/api.w.org\/{rel}","templated":true}]}}