{"id":3203,"date":"2025-12-09T08:55:00","date_gmt":"2025-12-09T07:55:00","guid":{"rendered":"https:\/\/www.radiomais.ao\/?p=3203"},"modified":"2025-12-09T08:56:44","modified_gmt":"2025-12-09T07:56:44","slug":"alassane-ouattara-assume-quarto-mandato-consecutivo-na-presidencia-da-cote-divoire","status":"publish","type":"post","link":"https:\/\/www.radiomais.ao\/index.php\/2025\/12\/09\/alassane-ouattara-assume-quarto-mandato-consecutivo-na-presidencia-da-cote-divoire\/","title":{"rendered":"Alassane Ouattara assume quarto mandato consecutivo na presid\u00eancia da Cote D\u2019Ivoire."},"content":{"rendered":"\n<p>Alassane Dramane Ouattara, de 83 anos de idade, foi, hoje, formalmente investido como o Presidente da Rep\u00fablica da Cote D\u2019Ivoire, numa cerim\u00f3nia solene que decorreu no Pal\u00e1cio Presidencial de Abidjan, onde estiveram presentes v\u00e1rias personalidades de destaque no panorama pol\u00edtico global, com realce ao Chefe de Estado angolano e Presidente em exerc\u00edcio da Uni\u00e3o Africana, Jo\u00e3o Louren\u00e7o. Fonte<strong><em><a href=\"https:\/\/www.opais.ao\/politica\/alassane-ouattara-assume-quarto-mandato-consecutivo-na-presidencia-da-cote-divoire\/\"> Opa\u00eds.<\/a><\/em><\/strong><\/p>\n","protected":false},"excerpt":{"rendered":"<p>Alassane Dramane Ouattara, de 83 anos de idade, foi, hoje, formalmente investido como o Presidente da Rep\u00fablica da Cote D\u2019Ivoire, numa cerim\u00f3nia solene que decorreu no Pal\u00e1cio Presidencial de Abidjan, onde estiveram presentes v\u00e1rias personalidades de destaque no panorama pol\u00edtico global, com realce ao Chefe de Estado angolano e Presidente em exerc\u00edcio da Uni\u00e3o Africana, [&hellip;]<\/p>\n","protected":false},"author":3,"featured_media":3206,"comment_status":"open","ping_status":"open","sticky":false,"template":"","format":"standard","meta":{"footnotes":""},"categories":[16],"tags":[1269,1270],"class_list":["post-3203","post","type-post","status-publish","format-standard","has-post-thumbnail","hentry","category-actualidade","tag-alassane-ouattara","tag-assume-4o-mandato"],"blocksy_meta":[],"_links":{"self":[{"href":"https:\/\/www.radiomais.ao\/index.php\/wp-json\/wp\/v2\/posts\/3203","targetHints":{"allow":["GET"]}}],"collection":[{"href":"https:\/\/www.radiomais.ao\/index.php\/wp-json\/wp\/v2\/posts"}],"about":[{"href":"https:\/\/www.radiomais.ao\/index.php\/wp-json\/wp\/v2\/types\/post"}],"author":[{"embeddable":true,"href":"https:\/\/www.radiomais.ao\/index.php\/wp-json\/wp\/v2\/users\/3"}],"replies":[{"embeddable":true,"href":"https:\/\/www.radiomais.ao\/index.php\/wp-json\/wp\/v2\/comments?post=3203"}],"version-history":[{"count":1,"href":"https:\/\/www.radiomais.ao\/index.php\/wp-json\/wp\/v2\/posts\/3203\/revisions"}],"predecessor-version":[{"id":3204,"href":"https:\/\/www.radiomais.ao\/index.php\/wp-json\/wp\/v2\/posts\/3203\/revisions\/3204"}],"wp:featuredmedia":[{"embeddable":true,"href":"https:\/\/www.radiomais.ao\/index.php\/wp-json\/wp\/v2\/media\/3206"}],"wp:attachment":[{"href":"https:\/\/www.radiomais.ao\/index.php\/wp-json\/wp\/v2\/media?parent=3203"}],"wp:term":[{"taxonomy":"category","embeddable":true,"href":"https:\/\/www.radiomais.ao\/index.php\/wp-json\/wp\/v2\/categories?post=3203"},{"taxonomy":"post_tag","embeddable":true,"href":"https:\/\/www.radiomais.ao\/index.php\/wp-json\/wp\/v2\/tags?post=3203"}],"curies":[{"name":"wp","href":"https:\/\/api.w.org\/{rel}","templated":true}]}}