{"id":3208,"date":"2025-12-09T08:59:58","date_gmt":"2025-12-09T07:59:58","guid":{"rendered":"https:\/\/www.radiomais.ao\/?p=3208"},"modified":"2025-12-09T08:59:58","modified_gmt":"2025-12-09T07:59:58","slug":"cplp-recomenda-suspensao-da-guine-bissau","status":"publish","type":"post","link":"https:\/\/www.radiomais.ao\/index.php\/2025\/12\/09\/cplp-recomenda-suspensao-da-guine-bissau\/","title":{"rendered":"CPLP recomenda suspens\u00e3o da Guin\u00e9-Bissau."},"content":{"rendered":"\n<p>Reunido em sess\u00e3o extraordin\u00e1ria virtual, o \u00f3rg\u00e3o presidido pela ministra de Estado e dos Neg\u00f3cios Estrangeiros, Coopera\u00e7\u00e3o e Comunidades de S\u00e3o Tom\u00e9 e Pr\u00edncipe, Ilza Amado Vaz, analisou o quadro pol\u00edtico guineense e condenou a interrup\u00e7\u00e3o do processo eleitoral em curso. Classificou o acto como uma \u201cgrave viola\u00e7\u00e3o\u201d dos princ\u00edpios democr\u00e1ticos e da vontade soberana do povo. Fonte <strong><em><a href=\"https:\/\/www.opais.ao\/politica\/cplp-recomenda-suspensao-da-guine-bissau\/\">Opa\u00eds<\/a><\/em><\/strong><\/p>\n","protected":false},"excerpt":{"rendered":"<p>Reunido em sess\u00e3o extraordin\u00e1ria virtual, o \u00f3rg\u00e3o presidido pela ministra de Estado e dos Neg\u00f3cios Estrangeiros, Coopera\u00e7\u00e3o e Comunidades de S\u00e3o Tom\u00e9 e Pr\u00edncipe, Ilza Amado Vaz, analisou o quadro pol\u00edtico guineense e condenou a interrup\u00e7\u00e3o do processo eleitoral em curso. Classificou o acto como uma \u201cgrave viola\u00e7\u00e3o\u201d dos princ\u00edpios democr\u00e1ticos e da vontade soberana [&hellip;]<\/p>\n","protected":false},"author":3,"featured_media":3210,"comment_status":"open","ping_status":"open","sticky":false,"template":"","format":"standard","meta":{"footnotes":""},"categories":[16],"tags":[719,1272,1271],"class_list":["post-3208","post","type-post","status-publish","format-standard","has-post-thumbnail","hentry","category-actualidade","tag-cplp","tag-guine-bissau","tag-suspencao"],"blocksy_meta":[],"_links":{"self":[{"href":"https:\/\/www.radiomais.ao\/index.php\/wp-json\/wp\/v2\/posts\/3208","targetHints":{"allow":["GET"]}}],"collection":[{"href":"https:\/\/www.radiomais.ao\/index.php\/wp-json\/wp\/v2\/posts"}],"about":[{"href":"https:\/\/www.radiomais.ao\/index.php\/wp-json\/wp\/v2\/types\/post"}],"author":[{"embeddable":true,"href":"https:\/\/www.radiomais.ao\/index.php\/wp-json\/wp\/v2\/users\/3"}],"replies":[{"embeddable":true,"href":"https:\/\/www.radiomais.ao\/index.php\/wp-json\/wp\/v2\/comments?post=3208"}],"version-history":[{"count":1,"href":"https:\/\/www.radiomais.ao\/index.php\/wp-json\/wp\/v2\/posts\/3208\/revisions"}],"predecessor-version":[{"id":3211,"href":"https:\/\/www.radiomais.ao\/index.php\/wp-json\/wp\/v2\/posts\/3208\/revisions\/3211"}],"wp:featuredmedia":[{"embeddable":true,"href":"https:\/\/www.radiomais.ao\/index.php\/wp-json\/wp\/v2\/media\/3210"}],"wp:attachment":[{"href":"https:\/\/www.radiomais.ao\/index.php\/wp-json\/wp\/v2\/media?parent=3208"}],"wp:term":[{"taxonomy":"category","embeddable":true,"href":"https:\/\/www.radiomais.ao\/index.php\/wp-json\/wp\/v2\/categories?post=3208"},{"taxonomy":"post_tag","embeddable":true,"href":"https:\/\/www.radiomais.ao\/index.php\/wp-json\/wp\/v2\/tags?post=3208"}],"curies":[{"name":"wp","href":"https:\/\/api.w.org\/{rel}","templated":true}]}}