{"id":3212,"date":"2025-12-09T09:10:50","date_gmt":"2025-12-09T08:10:50","guid":{"rendered":"https:\/\/www.radiomais.ao\/?p=3212"},"modified":"2025-12-09T09:10:50","modified_gmt":"2025-12-09T08:10:50","slug":"endiama-confirma-oferta-financiada-para-participacao-estrategica-na-de-beers","status":"publish","type":"post","link":"https:\/\/www.radiomais.ao\/index.php\/2025\/12\/09\/endiama-confirma-oferta-financiada-para-participacao-estrategica-na-de-beers\/","title":{"rendered":"ENDIAMA confirma oferta financiada para participa\u00e7\u00e3o estrat\u00e9gica na De Beers."},"content":{"rendered":"\n<p>Segundo o Minist\u00e9rio dos Recursos Minerais, Petr\u00f3leo e G\u00e1s (MIREMPT), esta iniciativa insere-se no processo de aliena\u00e7\u00e3o global promovido pela Anglo American plc, cuja conclus\u00e3o est\u00e1 prevista para o final do corrente ano. O MIREMPT esclarece que a proposta ora submetida n\u00e3o visa o controlo maiorit\u00e1rio da De Beers. Fonte <strong><em><a href=\"https:\/\/www.opais.ao\/economia\/endiama-confirma-oferta-financiada-para-participacao-estrategica-na-de-beers\/\">Opa\u00eds<\/a><\/em><\/strong><\/p>\n","protected":false},"excerpt":{"rendered":"<p>Segundo o Minist\u00e9rio dos Recursos Minerais, Petr\u00f3leo e G\u00e1s (MIREMPT), esta iniciativa insere-se no processo de aliena\u00e7\u00e3o global promovido pela Anglo American plc, cuja conclus\u00e3o est\u00e1 prevista para o final do corrente ano. O MIREMPT esclarece que a proposta ora submetida n\u00e3o visa o controlo maiorit\u00e1rio da De Beers. Fonte Opa\u00eds<\/p>\n","protected":false},"author":3,"featured_media":3214,"comment_status":"open","ping_status":"open","sticky":false,"template":"","format":"standard","meta":{"footnotes":""},"categories":[16],"tags":[22],"class_list":["post-3212","post","type-post","status-publish","format-standard","has-post-thumbnail","hentry","category-actualidade","tag-destaque"],"blocksy_meta":[],"_links":{"self":[{"href":"https:\/\/www.radiomais.ao\/index.php\/wp-json\/wp\/v2\/posts\/3212","targetHints":{"allow":["GET"]}}],"collection":[{"href":"https:\/\/www.radiomais.ao\/index.php\/wp-json\/wp\/v2\/posts"}],"about":[{"href":"https:\/\/www.radiomais.ao\/index.php\/wp-json\/wp\/v2\/types\/post"}],"author":[{"embeddable":true,"href":"https:\/\/www.radiomais.ao\/index.php\/wp-json\/wp\/v2\/users\/3"}],"replies":[{"embeddable":true,"href":"https:\/\/www.radiomais.ao\/index.php\/wp-json\/wp\/v2\/comments?post=3212"}],"version-history":[{"count":2,"href":"https:\/\/www.radiomais.ao\/index.php\/wp-json\/wp\/v2\/posts\/3212\/revisions"}],"predecessor-version":[{"id":3215,"href":"https:\/\/www.radiomais.ao\/index.php\/wp-json\/wp\/v2\/posts\/3212\/revisions\/3215"}],"wp:featuredmedia":[{"embeddable":true,"href":"https:\/\/www.radiomais.ao\/index.php\/wp-json\/wp\/v2\/media\/3214"}],"wp:attachment":[{"href":"https:\/\/www.radiomais.ao\/index.php\/wp-json\/wp\/v2\/media?parent=3212"}],"wp:term":[{"taxonomy":"category","embeddable":true,"href":"https:\/\/www.radiomais.ao\/index.php\/wp-json\/wp\/v2\/categories?post=3212"},{"taxonomy":"post_tag","embeddable":true,"href":"https:\/\/www.radiomais.ao\/index.php\/wp-json\/wp\/v2\/tags?post=3212"}],"curies":[{"name":"wp","href":"https:\/\/api.w.org\/{rel}","templated":true}]}}