{"id":3216,"date":"2025-12-09T10:25:05","date_gmt":"2025-12-09T09:25:05","guid":{"rendered":"https:\/\/www.radiomais.ao\/?p=3216"},"modified":"2025-12-09T10:25:05","modified_gmt":"2025-12-09T09:25:05","slug":"pai-detido-por-presumivel-homicidio-do-filho-recem-nascido-no-icolo-e-bengo","status":"publish","type":"post","link":"https:\/\/www.radiomais.ao\/index.php\/2025\/12\/09\/pai-detido-por-presumivel-homicidio-do-filho-recem-nascido-no-icolo-e-bengo\/","title":{"rendered":"Pai detido por presum\u00edvel homic\u00eddio do filho rec\u00e9m-nascido no Icolo e Bengo."},"content":{"rendered":"\n<p><strong>Um cidad\u00e3o angolano de 39 anos de idade foi detido, na manh\u00e3 da \u00faltima sexta-feira, 5 de Dezembro, pelo Servi\u00e7o de Investiga\u00e7\u00e3o Criminal (SIC), na prov\u00edncia de Icolo e Bengo, sob suspeitas de ter sido ele o causador da morte do pr\u00f3prio filho, um beb\u00e9 de apenas um m\u00eas de vida<\/strong>. Fonte <strong><em><a href=\"https:\/\/www.opais.ao\/sociedade\/pai-detido-por-presumivel-homicidio-do-filho-recem-nascido-no-icolo-e-bengo\/\">Opa\u00eds<\/a><\/em><\/strong><\/p>\n","protected":false},"excerpt":{"rendered":"<p>Um cidad\u00e3o angolano de 39 anos de idade foi detido, na manh\u00e3 da \u00faltima sexta-feira, 5 de Dezembro, pelo Servi\u00e7o de Investiga\u00e7\u00e3o Criminal (SIC), na prov\u00edncia de Icolo e Bengo, sob suspeitas de ter sido ele o causador da morte do pr\u00f3prio filho, um beb\u00e9 de apenas um m\u00eas de vida. Fonte Opa\u00eds<\/p>\n","protected":false},"author":3,"featured_media":3217,"comment_status":"open","ping_status":"open","sticky":false,"template":"","format":"standard","meta":{"footnotes":""},"categories":[16],"tags":[1273,679,703],"class_list":["post-3216","post","type-post","status-publish","format-standard","has-post-thumbnail","hentry","category-actualidade","tag-mata-filho","tag-pai","tag-recem-nascido"],"blocksy_meta":[],"_links":{"self":[{"href":"https:\/\/www.radiomais.ao\/index.php\/wp-json\/wp\/v2\/posts\/3216","targetHints":{"allow":["GET"]}}],"collection":[{"href":"https:\/\/www.radiomais.ao\/index.php\/wp-json\/wp\/v2\/posts"}],"about":[{"href":"https:\/\/www.radiomais.ao\/index.php\/wp-json\/wp\/v2\/types\/post"}],"author":[{"embeddable":true,"href":"https:\/\/www.radiomais.ao\/index.php\/wp-json\/wp\/v2\/users\/3"}],"replies":[{"embeddable":true,"href":"https:\/\/www.radiomais.ao\/index.php\/wp-json\/wp\/v2\/comments?post=3216"}],"version-history":[{"count":1,"href":"https:\/\/www.radiomais.ao\/index.php\/wp-json\/wp\/v2\/posts\/3216\/revisions"}],"predecessor-version":[{"id":3218,"href":"https:\/\/www.radiomais.ao\/index.php\/wp-json\/wp\/v2\/posts\/3216\/revisions\/3218"}],"wp:featuredmedia":[{"embeddable":true,"href":"https:\/\/www.radiomais.ao\/index.php\/wp-json\/wp\/v2\/media\/3217"}],"wp:attachment":[{"href":"https:\/\/www.radiomais.ao\/index.php\/wp-json\/wp\/v2\/media?parent=3216"}],"wp:term":[{"taxonomy":"category","embeddable":true,"href":"https:\/\/www.radiomais.ao\/index.php\/wp-json\/wp\/v2\/categories?post=3216"},{"taxonomy":"post_tag","embeddable":true,"href":"https:\/\/www.radiomais.ao\/index.php\/wp-json\/wp\/v2\/tags?post=3216"}],"curies":[{"name":"wp","href":"https:\/\/api.w.org\/{rel}","templated":true}]}}