{"id":3219,"date":"2025-12-09T10:31:29","date_gmt":"2025-12-09T09:31:29","guid":{"rendered":"https:\/\/www.radiomais.ao\/?p=3219"},"modified":"2025-12-09T10:31:29","modified_gmt":"2025-12-09T09:31:29","slug":"colisao-entre-motorizada-e-veiculo-automovel-resulta-em-morte-em-cabinda","status":"publish","type":"post","link":"https:\/\/www.radiomais.ao\/index.php\/2025\/12\/09\/colisao-entre-motorizada-e-veiculo-automovel-resulta-em-morte-em-cabinda\/","title":{"rendered":"Colis\u00e3o entre motorizada e ve\u00edculo autom\u00f3vel resulta em morte em Cabinda\u200e."},"content":{"rendered":"\n<p>\u200eUm cidad\u00e3o nacional, que seguia percurso montado numa motorizada de marca Leopard, modelo LP 40, de cor vermelha, perdeu a vida, ontem, em consequ\u00eancia de um acidente rodovi\u00e1rio caracterizado por colis\u00e3o, na rua 28 de Maio, no munic\u00edpio de Cabinda, prov\u00edncia com o mesmo nome.<br>\u200e<br>\u200eO sinistro, de acordo com a informa\u00e7\u00e3o aferida por este jornal, na p\u00e1gina oficial da Direc\u00e7\u00e3o Nacional de Tr\u00e2nsito e Seguran\u00e7a Rodovi\u00e1ria, ocorreu quando o motociclista, supostamente, ao efectuar a manobra de invers\u00e3o de marcha, colidiu com um autom\u00f3vel ligeiro de passageiros de marca Kia, modelo k3, que circulava no sentido oposto. Fonte<strong><em><a href=\"https:\/\/www.opais.ao\/ultimas_hora\/colisao-entre-motorizada-e-veiculo-automovel-resulta-em-morte-em-cabinda\/\"> Opa\u00eds<\/a><\/em><\/strong><\/p>\n","protected":false},"excerpt":{"rendered":"<p>\u200eUm cidad\u00e3o nacional, que seguia percurso montado numa motorizada de marca Leopard, modelo LP 40, de cor vermelha, perdeu a vida, ontem, em consequ\u00eancia de um acidente rodovi\u00e1rio caracterizado por colis\u00e3o, na rua 28 de Maio, no munic\u00edpio de Cabinda, prov\u00edncia com o mesmo nome.\u200e\u200eO sinistro, de acordo com a informa\u00e7\u00e3o aferida por este jornal, [&hellip;]<\/p>\n","protected":false},"author":3,"featured_media":3220,"comment_status":"open","ping_status":"open","sticky":false,"template":"","format":"standard","meta":{"footnotes":""},"categories":[16],"tags":[],"class_list":["post-3219","post","type-post","status-publish","format-standard","has-post-thumbnail","hentry","category-actualidade"],"blocksy_meta":[],"_links":{"self":[{"href":"https:\/\/www.radiomais.ao\/index.php\/wp-json\/wp\/v2\/posts\/3219","targetHints":{"allow":["GET"]}}],"collection":[{"href":"https:\/\/www.radiomais.ao\/index.php\/wp-json\/wp\/v2\/posts"}],"about":[{"href":"https:\/\/www.radiomais.ao\/index.php\/wp-json\/wp\/v2\/types\/post"}],"author":[{"embeddable":true,"href":"https:\/\/www.radiomais.ao\/index.php\/wp-json\/wp\/v2\/users\/3"}],"replies":[{"embeddable":true,"href":"https:\/\/www.radiomais.ao\/index.php\/wp-json\/wp\/v2\/comments?post=3219"}],"version-history":[{"count":1,"href":"https:\/\/www.radiomais.ao\/index.php\/wp-json\/wp\/v2\/posts\/3219\/revisions"}],"predecessor-version":[{"id":3221,"href":"https:\/\/www.radiomais.ao\/index.php\/wp-json\/wp\/v2\/posts\/3219\/revisions\/3221"}],"wp:featuredmedia":[{"embeddable":true,"href":"https:\/\/www.radiomais.ao\/index.php\/wp-json\/wp\/v2\/media\/3220"}],"wp:attachment":[{"href":"https:\/\/www.radiomais.ao\/index.php\/wp-json\/wp\/v2\/media?parent=3219"}],"wp:term":[{"taxonomy":"category","embeddable":true,"href":"https:\/\/www.radiomais.ao\/index.php\/wp-json\/wp\/v2\/categories?post=3219"},{"taxonomy":"post_tag","embeddable":true,"href":"https:\/\/www.radiomais.ao\/index.php\/wp-json\/wp\/v2\/tags?post=3219"}],"curies":[{"name":"wp","href":"https:\/\/api.w.org\/{rel}","templated":true}]}}