{"id":3226,"date":"2025-12-09T10:49:48","date_gmt":"2025-12-09T09:49:48","guid":{"rendered":"https:\/\/www.radiomais.ao\/?p=3226"},"modified":"2025-12-09T10:49:48","modified_gmt":"2025-12-09T09:49:48","slug":"professor-de-52-anos-acusado-de-abuso-sexual-contra-aluna-de-15","status":"publish","type":"post","link":"https:\/\/www.radiomais.ao\/index.php\/2025\/12\/09\/professor-de-52-anos-acusado-de-abuso-sexual-contra-aluna-de-15\/","title":{"rendered":"Professor de 52 anos acusado de abuso sexual contra aluna de 15."},"content":{"rendered":"\n<p>\u200eUm cidad\u00e3o nacional, de 52 anos de idade, docente de uma institui\u00e7\u00e3o de ensino na prov\u00edncia e munic\u00edpio do U\u00edge, foi detido recentemente pelo Servi\u00e7o de Investiga\u00e7\u00e3o Criminal local, implicado no crime de abuso sexual contra uma menor de 15 anos de ida<br>\u200e<br>\u200eO acusado, alegadamente, segundo informa\u00e7\u00f5es avan\u00e7adas pelo SIC, enquanto decorria uma aula, mandou a lesada ao laborat\u00f3rio da escola com o subterf\u00fagio de buscar um determinado material. A seguir, acrescenta fonte, o implicado seguiu e, sobre amea\u00e7a de reprova\u00e7\u00e3o, esfor\u00e7ou-lhe e realizou o coito. Fonte <strong><em><a href=\"https:\/\/www.opais.ao\/sociedade\/professor-de-52-anos-acusado-de-abuso-sexual-contra-aluna-de-15\/\">Opa\u00eds<\/a><\/em><\/strong><\/p>\n","protected":false},"excerpt":{"rendered":"<p>\u200eUm cidad\u00e3o nacional, de 52 anos de idade, docente de uma institui\u00e7\u00e3o de ensino na prov\u00edncia e munic\u00edpio do U\u00edge, foi detido recentemente pelo Servi\u00e7o de Investiga\u00e7\u00e3o Criminal local, implicado no crime de abuso sexual contra uma menor de 15 anos de ida\u200e\u200eO acusado, alegadamente, segundo informa\u00e7\u00f5es avan\u00e7adas pelo SIC, enquanto decorria uma aula, mandou [&hellip;]<\/p>\n","protected":false},"author":3,"featured_media":3227,"comment_status":"open","ping_status":"open","sticky":false,"template":"","format":"standard","meta":{"footnotes":""},"categories":[16],"tags":[1277,546,541],"class_list":["post-3226","post","type-post","status-publish","format-standard","has-post-thumbnail","hentry","category-actualidade","tag-agressor","tag-detido","tag-professor"],"blocksy_meta":[],"_links":{"self":[{"href":"https:\/\/www.radiomais.ao\/index.php\/wp-json\/wp\/v2\/posts\/3226","targetHints":{"allow":["GET"]}}],"collection":[{"href":"https:\/\/www.radiomais.ao\/index.php\/wp-json\/wp\/v2\/posts"}],"about":[{"href":"https:\/\/www.radiomais.ao\/index.php\/wp-json\/wp\/v2\/types\/post"}],"author":[{"embeddable":true,"href":"https:\/\/www.radiomais.ao\/index.php\/wp-json\/wp\/v2\/users\/3"}],"replies":[{"embeddable":true,"href":"https:\/\/www.radiomais.ao\/index.php\/wp-json\/wp\/v2\/comments?post=3226"}],"version-history":[{"count":1,"href":"https:\/\/www.radiomais.ao\/index.php\/wp-json\/wp\/v2\/posts\/3226\/revisions"}],"predecessor-version":[{"id":3228,"href":"https:\/\/www.radiomais.ao\/index.php\/wp-json\/wp\/v2\/posts\/3226\/revisions\/3228"}],"wp:featuredmedia":[{"embeddable":true,"href":"https:\/\/www.radiomais.ao\/index.php\/wp-json\/wp\/v2\/media\/3227"}],"wp:attachment":[{"href":"https:\/\/www.radiomais.ao\/index.php\/wp-json\/wp\/v2\/media?parent=3226"}],"wp:term":[{"taxonomy":"category","embeddable":true,"href":"https:\/\/www.radiomais.ao\/index.php\/wp-json\/wp\/v2\/categories?post=3226"},{"taxonomy":"post_tag","embeddable":true,"href":"https:\/\/www.radiomais.ao\/index.php\/wp-json\/wp\/v2\/tags?post=3226"}],"curies":[{"name":"wp","href":"https:\/\/api.w.org\/{rel}","templated":true}]}}