{"id":3229,"date":"2025-12-09T10:57:03","date_gmt":"2025-12-09T09:57:03","guid":{"rendered":"https:\/\/www.radiomais.ao\/?p=3229"},"modified":"2025-12-09T10:57:03","modified_gmt":"2025-12-09T09:57:03","slug":"sagrada-e-petro-acertam-passo-nesta-tarde-no-dundo","status":"publish","type":"post","link":"https:\/\/www.radiomais.ao\/index.php\/2025\/12\/09\/sagrada-e-petro-acertam-passo-nesta-tarde-no-dundo\/","title":{"rendered":"Sagrada e Petro acertam passo nesta tarde no Dundo."},"content":{"rendered":"\n<p><strong>Os diamant\u00edferos e tricolores medem for\u00e7as hoje no Est\u00e1dio do Dundo, no acerto da primeira jornada do Girabola 2025\/2026, a partir das 15:00<\/strong><\/p>\n\n\n\n<p>Em caso de vit\u00f3ria, a turma do Eixo-Vi\u00e1rio (1.\u00ba\/21pts) aumenta para quatro a vantagem pontual sobre o 1.\u00ba de Agosto, rival de longa data, segundo colocado com apenas 20. Fonte <strong><em><a href=\"https:\/\/www.opais.ao\/desporto\/sagrada-e-petro-acertam-passo-nesta-tarde-no-dundo\/\">Opa\u00eds <\/a><\/em><\/strong><\/p>\n","protected":false},"excerpt":{"rendered":"<p>Os diamant\u00edferos e tricolores medem for\u00e7as hoje no Est\u00e1dio do Dundo, no acerto da primeira jornada do Girabola 2025\/2026, a partir das 15:00 Em caso de vit\u00f3ria, a turma do Eixo-Vi\u00e1rio (1.\u00ba\/21pts) aumenta para quatro a vantagem pontual sobre o 1.\u00ba de Agosto, rival de longa data, segundo colocado com apenas 20. Fonte Opa\u00eds<\/p>\n","protected":false},"author":3,"featured_media":3230,"comment_status":"open","ping_status":"open","sticky":false,"template":"","format":"standard","meta":{"footnotes":""},"categories":[16],"tags":[1279,1222,1278],"class_list":["post-3229","post","type-post","status-publish","format-standard","has-post-thumbnail","hentry","category-actualidade","tag-dundo","tag-petro","tag-sagrada"],"blocksy_meta":[],"_links":{"self":[{"href":"https:\/\/www.radiomais.ao\/index.php\/wp-json\/wp\/v2\/posts\/3229","targetHints":{"allow":["GET"]}}],"collection":[{"href":"https:\/\/www.radiomais.ao\/index.php\/wp-json\/wp\/v2\/posts"}],"about":[{"href":"https:\/\/www.radiomais.ao\/index.php\/wp-json\/wp\/v2\/types\/post"}],"author":[{"embeddable":true,"href":"https:\/\/www.radiomais.ao\/index.php\/wp-json\/wp\/v2\/users\/3"}],"replies":[{"embeddable":true,"href":"https:\/\/www.radiomais.ao\/index.php\/wp-json\/wp\/v2\/comments?post=3229"}],"version-history":[{"count":1,"href":"https:\/\/www.radiomais.ao\/index.php\/wp-json\/wp\/v2\/posts\/3229\/revisions"}],"predecessor-version":[{"id":3231,"href":"https:\/\/www.radiomais.ao\/index.php\/wp-json\/wp\/v2\/posts\/3229\/revisions\/3231"}],"wp:featuredmedia":[{"embeddable":true,"href":"https:\/\/www.radiomais.ao\/index.php\/wp-json\/wp\/v2\/media\/3230"}],"wp:attachment":[{"href":"https:\/\/www.radiomais.ao\/index.php\/wp-json\/wp\/v2\/media?parent=3229"}],"wp:term":[{"taxonomy":"category","embeddable":true,"href":"https:\/\/www.radiomais.ao\/index.php\/wp-json\/wp\/v2\/categories?post=3229"},{"taxonomy":"post_tag","embeddable":true,"href":"https:\/\/www.radiomais.ao\/index.php\/wp-json\/wp\/v2\/tags?post=3229"}],"curies":[{"name":"wp","href":"https:\/\/api.w.org\/{rel}","templated":true}]}}