{"id":3232,"date":"2025-12-09T11:23:20","date_gmt":"2025-12-09T10:23:20","guid":{"rendered":"https:\/\/www.radiomais.ao\/?p=3232"},"modified":"2025-12-09T11:25:15","modified_gmt":"2025-12-09T10:25:15","slug":"anaso-vih-sida-deve-ser-tratado-como-um-problema-de-estado-e-nao-uma-questao-de-saude-publica","status":"publish","type":"post","link":"https:\/\/www.radiomais.ao\/index.php\/2025\/12\/09\/anaso-vih-sida-deve-ser-tratado-como-um-problema-de-estado-e-nao-uma-questao-de-saude-publica\/","title":{"rendered":"ANASO : VIH\/SIDA deve ser tratado como um problema de Estado e n\u00e3o  uma quest\u00e3o de sa\u00fade p\u00fablica"},"content":{"rendered":"\n<p>A Rede Angolana das Organiza\u00e7\u00f5es de Servi\u00e7os de VIH e SIDA, Tuberculose e Mal\u00e1ria (ANASO) defende que o VIH\/SIDA deve ser tratado como um problema de Estado e n\u00e3o apenas como uma quest\u00e3o de sa\u00fade p\u00fablica, dada a sua complexidade e impacto social e econ\u00f3mico.<\/p>\n\n\n\n<p>De acordo com o presidente da organiza\u00e7\u00e3o Ant\u00f3nio Coelho, que falava em entrevista a R\u00e1dio Mais, 380 mil pessoas vivem com VIH\/SIDA em Angola, sendo 70% mulheres e 10% crian\u00e7as.<\/p>\n\n\n\n<figure class=\"wp-block-embed is-type-rich is-provider-soundcloud wp-block-embed-soundcloud\"><div class=\"wp-block-embed__wrapper\">\n<iframe title=\"ANASO: HIV\/SIDA deve ser tratado como um problema de estado. by RadioMais\" width=\"1290\" height=\"400\" scrolling=\"no\" frameborder=\"no\" src=\"https:\/\/w.soundcloud.com\/player\/?visual=true&#038;url=https%3A%2F%2Fapi.soundcloud.com%2Ftracks%2F2226599999&#038;show_artwork=true&#038;maxheight=1000&#038;maxwidth=1290\"><\/iframe>\n<\/div><\/figure>\n","protected":false},"excerpt":{"rendered":"<p>A Rede Angolana das Organiza\u00e7\u00f5es de Servi\u00e7os de VIH e SIDA, Tuberculose e Mal\u00e1ria (ANASO) defende que o VIH\/SIDA deve ser tratado como um problema de Estado e n\u00e3o apenas como uma quest\u00e3o de sa\u00fade p\u00fablica, dada a sua complexidade e impacto social e econ\u00f3mico. De acordo com o presidente da organiza\u00e7\u00e3o Ant\u00f3nio Coelho, que [&hellip;]<\/p>\n","protected":false},"author":3,"featured_media":3235,"comment_status":"open","ping_status":"open","sticky":false,"template":"","format":"standard","meta":{"footnotes":""},"categories":[16],"tags":[1280,227],"class_list":["post-3232","post","type-post","status-publish","format-standard","has-post-thumbnail","hentry","category-actualidade","tag-anaso","tag-hiv"],"blocksy_meta":[],"_links":{"self":[{"href":"https:\/\/www.radiomais.ao\/index.php\/wp-json\/wp\/v2\/posts\/3232","targetHints":{"allow":["GET"]}}],"collection":[{"href":"https:\/\/www.radiomais.ao\/index.php\/wp-json\/wp\/v2\/posts"}],"about":[{"href":"https:\/\/www.radiomais.ao\/index.php\/wp-json\/wp\/v2\/types\/post"}],"author":[{"embeddable":true,"href":"https:\/\/www.radiomais.ao\/index.php\/wp-json\/wp\/v2\/users\/3"}],"replies":[{"embeddable":true,"href":"https:\/\/www.radiomais.ao\/index.php\/wp-json\/wp\/v2\/comments?post=3232"}],"version-history":[{"count":2,"href":"https:\/\/www.radiomais.ao\/index.php\/wp-json\/wp\/v2\/posts\/3232\/revisions"}],"predecessor-version":[{"id":3236,"href":"https:\/\/www.radiomais.ao\/index.php\/wp-json\/wp\/v2\/posts\/3232\/revisions\/3236"}],"wp:featuredmedia":[{"embeddable":true,"href":"https:\/\/www.radiomais.ao\/index.php\/wp-json\/wp\/v2\/media\/3235"}],"wp:attachment":[{"href":"https:\/\/www.radiomais.ao\/index.php\/wp-json\/wp\/v2\/media?parent=3232"}],"wp:term":[{"taxonomy":"category","embeddable":true,"href":"https:\/\/www.radiomais.ao\/index.php\/wp-json\/wp\/v2\/categories?post=3232"},{"taxonomy":"post_tag","embeddable":true,"href":"https:\/\/www.radiomais.ao\/index.php\/wp-json\/wp\/v2\/tags?post=3232"}],"curies":[{"name":"wp","href":"https:\/\/api.w.org\/{rel}","templated":true}]}}