{"id":3242,"date":"2025-12-10T08:36:53","date_gmt":"2025-12-10T07:36:53","guid":{"rendered":"https:\/\/www.radiomais.ao\/?p=3242"},"modified":"2025-12-10T08:36:53","modified_gmt":"2025-12-10T07:36:53","slug":"oge-2026-vai-a-votacao-final-global-na-proxima-segunda-feira","status":"publish","type":"post","link":"https:\/\/www.radiomais.ao\/index.php\/2025\/12\/10\/oge-2026-vai-a-votacao-final-global-na-proxima-segunda-feira\/","title":{"rendered":"OGE 2026 vai \u00e0 vota\u00e7\u00e3o final global na pr\u00f3xima Segunda-feira."},"content":{"rendered":"\n<p>O Or\u00e7amento Geral do Estado (OGE) para 2026 ser\u00e1 levado \u00e0 vota\u00e7\u00e3o final global na pr\u00f3xima segunda-feira, dia 15, na primeira das duas sess\u00f5es plen\u00e1rias agendadas para o mesmo dia. A decis\u00e3o saiu da confer\u00eancia dos presidentes dos grupos parlamentares, reunida ontem sob orienta\u00e7\u00e3o do Presidente da Assembleia Nacional, Ad\u00e3o de Almeida. Fonte <strong><em><a href=\"https:\/\/www.opais.ao\/politica\/oge-2026-vai-a-votacao-final-global-na-proxima-segunda-feira\/\">Opa\u00eds<\/a><\/em><\/strong><\/p>\n","protected":false},"excerpt":{"rendered":"<p>O Or\u00e7amento Geral do Estado (OGE) para 2026 ser\u00e1 levado \u00e0 vota\u00e7\u00e3o final global na pr\u00f3xima segunda-feira, dia 15, na primeira das duas sess\u00f5es plen\u00e1rias agendadas para o mesmo dia. A decis\u00e3o saiu da confer\u00eancia dos presidentes dos grupos parlamentares, reunida ontem sob orienta\u00e7\u00e3o do Presidente da Assembleia Nacional, Ad\u00e3o de Almeida. Fonte Opa\u00eds<\/p>\n","protected":false},"author":3,"featured_media":3243,"comment_status":"open","ping_status":"open","sticky":false,"template":"","format":"standard","meta":{"footnotes":""},"categories":[16],"tags":[1118,1283],"class_list":["post-3242","post","type-post","status-publish","format-standard","has-post-thumbnail","hentry","category-actualidade","tag-oge-2026","tag-votacao-final"],"blocksy_meta":[],"_links":{"self":[{"href":"https:\/\/www.radiomais.ao\/index.php\/wp-json\/wp\/v2\/posts\/3242","targetHints":{"allow":["GET"]}}],"collection":[{"href":"https:\/\/www.radiomais.ao\/index.php\/wp-json\/wp\/v2\/posts"}],"about":[{"href":"https:\/\/www.radiomais.ao\/index.php\/wp-json\/wp\/v2\/types\/post"}],"author":[{"embeddable":true,"href":"https:\/\/www.radiomais.ao\/index.php\/wp-json\/wp\/v2\/users\/3"}],"replies":[{"embeddable":true,"href":"https:\/\/www.radiomais.ao\/index.php\/wp-json\/wp\/v2\/comments?post=3242"}],"version-history":[{"count":1,"href":"https:\/\/www.radiomais.ao\/index.php\/wp-json\/wp\/v2\/posts\/3242\/revisions"}],"predecessor-version":[{"id":3244,"href":"https:\/\/www.radiomais.ao\/index.php\/wp-json\/wp\/v2\/posts\/3242\/revisions\/3244"}],"wp:featuredmedia":[{"embeddable":true,"href":"https:\/\/www.radiomais.ao\/index.php\/wp-json\/wp\/v2\/media\/3243"}],"wp:attachment":[{"href":"https:\/\/www.radiomais.ao\/index.php\/wp-json\/wp\/v2\/media?parent=3242"}],"wp:term":[{"taxonomy":"category","embeddable":true,"href":"https:\/\/www.radiomais.ao\/index.php\/wp-json\/wp\/v2\/categories?post=3242"},{"taxonomy":"post_tag","embeddable":true,"href":"https:\/\/www.radiomais.ao\/index.php\/wp-json\/wp\/v2\/tags?post=3242"}],"curies":[{"name":"wp","href":"https:\/\/api.w.org\/{rel}","templated":true}]}}