{"id":3245,"date":"2025-12-10T08:46:13","date_gmt":"2025-12-10T07:46:13","guid":{"rendered":"https:\/\/www.radiomais.ao\/?p=3245"},"modified":"2025-12-10T08:46:13","modified_gmt":"2025-12-10T07:46:13","slug":"unitel-inaugura-cabo-sub-marino-2africa","status":"publish","type":"post","link":"https:\/\/www.radiomais.ao\/index.php\/2025\/12\/10\/unitel-inaugura-cabo-sub-marino-2africa\/","title":{"rendered":"UNITEL inaugura cabo sub- marino 2\u00c1frica."},"content":{"rendered":"\n<p>A empresa de telefonia, Unitel, realiza na pr\u00f3xima sexta-feira, 12, a cerim\u00f4nia oficial de inaugura\u00e7\u00e3o do cabo submarino 2\u00c1frica, no munic\u00edpio de Cacuaco, prov\u00edncia de Luanda. De acordo com uma nota de imprensa, \u00e0 qual OPA\u00cdS teve acesso, este marco representa um avan\u00e7o estrat\u00e9gico na expans\u00e3o da conectividade internacional e no refor\u00e7o da capacidade de  tr\u00e1fico de dados em Angola e no continente africano. Fonte <strong><em><a href=\"https:\/\/www.opais.ao\/economia\/unitel-inaugura-cabo-sub-marino-2africa\/\">Opa\u00eds<\/a><\/em><\/strong><\/p>\n\n\n\n<p><\/p>\n","protected":false},"excerpt":{"rendered":"<p>A empresa de telefonia, Unitel, realiza na pr\u00f3xima sexta-feira, 12, a cerim\u00f4nia oficial de inaugura\u00e7\u00e3o do cabo submarino 2\u00c1frica, no munic\u00edpio de Cacuaco, prov\u00edncia de Luanda. De acordo com uma nota de imprensa, \u00e0 qual OPA\u00cdS teve acesso, este marco representa um avan\u00e7o estrat\u00e9gico na expans\u00e3o da conectividade internacional e no refor\u00e7o da capacidade de [&hellip;]<\/p>\n","protected":false},"author":3,"featured_media":3246,"comment_status":"open","ping_status":"open","sticky":false,"template":"","format":"standard","meta":{"footnotes":""},"categories":[16],"tags":[1284,1285],"class_list":["post-3245","post","type-post","status-publish","format-standard","has-post-thumbnail","hentry","category-actualidade","tag-cabo-sub-marino","tag-inauguracao"],"blocksy_meta":[],"_links":{"self":[{"href":"https:\/\/www.radiomais.ao\/index.php\/wp-json\/wp\/v2\/posts\/3245","targetHints":{"allow":["GET"]}}],"collection":[{"href":"https:\/\/www.radiomais.ao\/index.php\/wp-json\/wp\/v2\/posts"}],"about":[{"href":"https:\/\/www.radiomais.ao\/index.php\/wp-json\/wp\/v2\/types\/post"}],"author":[{"embeddable":true,"href":"https:\/\/www.radiomais.ao\/index.php\/wp-json\/wp\/v2\/users\/3"}],"replies":[{"embeddable":true,"href":"https:\/\/www.radiomais.ao\/index.php\/wp-json\/wp\/v2\/comments?post=3245"}],"version-history":[{"count":1,"href":"https:\/\/www.radiomais.ao\/index.php\/wp-json\/wp\/v2\/posts\/3245\/revisions"}],"predecessor-version":[{"id":3247,"href":"https:\/\/www.radiomais.ao\/index.php\/wp-json\/wp\/v2\/posts\/3245\/revisions\/3247"}],"wp:featuredmedia":[{"embeddable":true,"href":"https:\/\/www.radiomais.ao\/index.php\/wp-json\/wp\/v2\/media\/3246"}],"wp:attachment":[{"href":"https:\/\/www.radiomais.ao\/index.php\/wp-json\/wp\/v2\/media?parent=3245"}],"wp:term":[{"taxonomy":"category","embeddable":true,"href":"https:\/\/www.radiomais.ao\/index.php\/wp-json\/wp\/v2\/categories?post=3245"},{"taxonomy":"post_tag","embeddable":true,"href":"https:\/\/www.radiomais.ao\/index.php\/wp-json\/wp\/v2\/tags?post=3245"}],"curies":[{"name":"wp","href":"https:\/\/api.w.org\/{rel}","templated":true}]}}