{"id":3248,"date":"2025-12-10T08:51:30","date_gmt":"2025-12-10T07:51:30","guid":{"rendered":"https:\/\/www.radiomais.ao\/?p=3248"},"modified":"2025-12-10T08:51:30","modified_gmt":"2025-12-10T07:51:30","slug":"huila-acolhe-curso-de-formacao-de-formadores-mestres-do-aic","status":"publish","type":"post","link":"https:\/\/www.radiomais.ao\/index.php\/2025\/12\/10\/huila-acolhe-curso-de-formacao-de-formadores-mestres-do-aic\/","title":{"rendered":"Hu\u00edla acolhe curso de forma\u00e7\u00e3o de formadores mestres do AIC."},"content":{"rendered":"\n<p><strong>A cidade do Lubango, capital da prov\u00edncia da Hu\u00edla, acolhe a partir de hoje, a primeira forma\u00e7\u00e3o de Formandos Mestres, no \u00e2mbito do projecto Aprendizagem na Idade Certa (AIC), numa promo\u00e7\u00e3o do Minist\u00e9rio da Educa\u00e7\u00e3o, em parceria com o Fundo das Na\u00e7\u00f5es Unidas para a Inf\u00e2ncia (UNICEF)<\/strong>. Fonte <strong><em><a href=\"https:\/\/www.opais.ao\/sociedade\/huila-acolhe-curso-de-formacao-de-formadores-mestres-do-aic\/\">Opa\u00eds<\/a><\/em><\/strong><\/p>\n","protected":false},"excerpt":{"rendered":"<p>A cidade do Lubango, capital da prov\u00edncia da Hu\u00edla, acolhe a partir de hoje, a primeira forma\u00e7\u00e3o de Formandos Mestres, no \u00e2mbito do projecto Aprendizagem na Idade Certa (AIC), numa promo\u00e7\u00e3o do Minist\u00e9rio da Educa\u00e7\u00e3o, em parceria com o Fundo das Na\u00e7\u00f5es Unidas para a Inf\u00e2ncia (UNICEF). Fonte Opa\u00eds<\/p>\n","protected":false},"author":3,"featured_media":3249,"comment_status":"open","ping_status":"open","sticky":false,"template":"","format":"standard","meta":{"footnotes":""},"categories":[16],"tags":[1286,356,1158],"class_list":["post-3248","post","type-post","status-publish","format-standard","has-post-thumbnail","hentry","category-actualidade","tag-aic","tag-formacao","tag-huila-2"],"blocksy_meta":[],"_links":{"self":[{"href":"https:\/\/www.radiomais.ao\/index.php\/wp-json\/wp\/v2\/posts\/3248","targetHints":{"allow":["GET"]}}],"collection":[{"href":"https:\/\/www.radiomais.ao\/index.php\/wp-json\/wp\/v2\/posts"}],"about":[{"href":"https:\/\/www.radiomais.ao\/index.php\/wp-json\/wp\/v2\/types\/post"}],"author":[{"embeddable":true,"href":"https:\/\/www.radiomais.ao\/index.php\/wp-json\/wp\/v2\/users\/3"}],"replies":[{"embeddable":true,"href":"https:\/\/www.radiomais.ao\/index.php\/wp-json\/wp\/v2\/comments?post=3248"}],"version-history":[{"count":1,"href":"https:\/\/www.radiomais.ao\/index.php\/wp-json\/wp\/v2\/posts\/3248\/revisions"}],"predecessor-version":[{"id":3250,"href":"https:\/\/www.radiomais.ao\/index.php\/wp-json\/wp\/v2\/posts\/3248\/revisions\/3250"}],"wp:featuredmedia":[{"embeddable":true,"href":"https:\/\/www.radiomais.ao\/index.php\/wp-json\/wp\/v2\/media\/3249"}],"wp:attachment":[{"href":"https:\/\/www.radiomais.ao\/index.php\/wp-json\/wp\/v2\/media?parent=3248"}],"wp:term":[{"taxonomy":"category","embeddable":true,"href":"https:\/\/www.radiomais.ao\/index.php\/wp-json\/wp\/v2\/categories?post=3248"},{"taxonomy":"post_tag","embeddable":true,"href":"https:\/\/www.radiomais.ao\/index.php\/wp-json\/wp\/v2\/tags?post=3248"}],"curies":[{"name":"wp","href":"https:\/\/api.w.org\/{rel}","templated":true}]}}