{"id":3251,"date":"2025-12-10T08:55:53","date_gmt":"2025-12-10T07:55:53","guid":{"rendered":"https:\/\/www.radiomais.ao\/?p=3251"},"modified":"2025-12-10T08:55:53","modified_gmt":"2025-12-10T07:55:53","slug":"comissao-para-politica-social-recomenda-reajuste-a-lei-sobre-o-poder-tradicional","status":"publish","type":"post","link":"https:\/\/www.radiomais.ao\/index.php\/2025\/12\/10\/comissao-para-politica-social-recomenda-reajuste-a-lei-sobre-o-poder-tradicional\/","title":{"rendered":"Comiss\u00e3o para pol\u00edtica social recomenda reajuste \u00e0 lei sobre o poder tradicional."},"content":{"rendered":"\n<p>A Comiss\u00e3o para a Pol\u00edtica Social do Conselho de Ministros analisou nesta ter\u00e7a-feira, em Luanda, a proposta de Lei sobre as Institui\u00e7\u00f5es do Poder Tradicional, diploma que define os princ\u00edpios, regras de funcionamento, regime de controlo, responsabilidades e formas de articula\u00e7\u00e3o destas institui\u00e7\u00f5es com a Administra\u00e7\u00e3o do Estado e as autarquias locais. Fonte <strong><em><a href=\"https:\/\/www.opais.ao\/politica\/comissao-para-politica-social-recomenda-reajuste-a-lei-sobre-o-poder-tradicional\/\">Opa\u00eds<\/a><\/em><\/strong><\/p>\n","protected":false},"excerpt":{"rendered":"<p>A Comiss\u00e3o para a Pol\u00edtica Social do Conselho de Ministros analisou nesta ter\u00e7a-feira, em Luanda, a proposta de Lei sobre as Institui\u00e7\u00f5es do Poder Tradicional, diploma que define os princ\u00edpios, regras de funcionamento, regime de controlo, responsabilidades e formas de articula\u00e7\u00e3o destas institui\u00e7\u00f5es com a Administra\u00e7\u00e3o do Estado e as autarquias locais. Fonte Opa\u00eds<\/p>\n","protected":false},"author":3,"featured_media":3252,"comment_status":"open","ping_status":"open","sticky":false,"template":"","format":"standard","meta":{"footnotes":""},"categories":[16],"tags":[1287,1288],"class_list":["post-3251","post","type-post","status-publish","format-standard","has-post-thumbnail","hentry","category-actualidade","tag-comissao-para-politica-social","tag-reajuste-a-lei"],"blocksy_meta":[],"_links":{"self":[{"href":"https:\/\/www.radiomais.ao\/index.php\/wp-json\/wp\/v2\/posts\/3251","targetHints":{"allow":["GET"]}}],"collection":[{"href":"https:\/\/www.radiomais.ao\/index.php\/wp-json\/wp\/v2\/posts"}],"about":[{"href":"https:\/\/www.radiomais.ao\/index.php\/wp-json\/wp\/v2\/types\/post"}],"author":[{"embeddable":true,"href":"https:\/\/www.radiomais.ao\/index.php\/wp-json\/wp\/v2\/users\/3"}],"replies":[{"embeddable":true,"href":"https:\/\/www.radiomais.ao\/index.php\/wp-json\/wp\/v2\/comments?post=3251"}],"version-history":[{"count":1,"href":"https:\/\/www.radiomais.ao\/index.php\/wp-json\/wp\/v2\/posts\/3251\/revisions"}],"predecessor-version":[{"id":3253,"href":"https:\/\/www.radiomais.ao\/index.php\/wp-json\/wp\/v2\/posts\/3251\/revisions\/3253"}],"wp:featuredmedia":[{"embeddable":true,"href":"https:\/\/www.radiomais.ao\/index.php\/wp-json\/wp\/v2\/media\/3252"}],"wp:attachment":[{"href":"https:\/\/www.radiomais.ao\/index.php\/wp-json\/wp\/v2\/media?parent=3251"}],"wp:term":[{"taxonomy":"category","embeddable":true,"href":"https:\/\/www.radiomais.ao\/index.php\/wp-json\/wp\/v2\/categories?post=3251"},{"taxonomy":"post_tag","embeddable":true,"href":"https:\/\/www.radiomais.ao\/index.php\/wp-json\/wp\/v2\/tags?post=3251"}],"curies":[{"name":"wp","href":"https:\/\/api.w.org\/{rel}","templated":true}]}}