{"id":3254,"date":"2025-12-10T09:05:38","date_gmt":"2025-12-10T08:05:38","guid":{"rendered":"https:\/\/www.radiomais.ao\/?p=3254"},"modified":"2025-12-10T09:05:38","modified_gmt":"2025-12-10T08:05:38","slug":"adao-de-almeida-defende-revisao-urgente-do-codigo-da-familia","status":"publish","type":"post","link":"https:\/\/www.radiomais.ao\/index.php\/2025\/12\/10\/adao-de-almeida-defende-revisao-urgente-do-codigo-da-familia\/","title":{"rendered":"Ad\u00e3o de Almeida defende revis\u00e3o urgente do C\u00f3digo da Fam\u00edlia\u00a0."},"content":{"rendered":"\n<p><strong>O presidente da Assembleia Nacional, Ad\u00e3o de Almeida, defendeu ontem, em Luanda, a revis\u00e3o urgente do C\u00f3digo da Fam\u00edlia de 1988, ao afirmar que o diploma \u201cj\u00e1 n\u00e3o acompanha a realidade social angolana\u201d, marcada por novos comportamentos, conflitos entre direito costumeiro e estadual e fen\u00f3menos religiosos e espirituais que t\u00eam \u201cdestru\u00eddo as fam\u00edlias e colocado as crian\u00e7as em risco\u201d<\/strong>. Fonte <strong><em><a href=\"https:\/\/www.opais.ao\/politica\/adao-de-almeida-defende-revisao-urgente-do-codigo-da-familia-e-alerta-para-as-ameacas-sociais-que-fragilizam-familias-angolanas\/\">Opa\u00eds<\/a><\/em><\/strong> <\/p>\n","protected":false},"excerpt":{"rendered":"<p>O presidente da Assembleia Nacional, Ad\u00e3o de Almeida, defendeu ontem, em Luanda, a revis\u00e3o urgente do C\u00f3digo da Fam\u00edlia de 1988, ao afirmar que o diploma \u201cj\u00e1 n\u00e3o acompanha a realidade social angolana\u201d, marcada por novos comportamentos, conflitos entre direito costumeiro e estadual e fen\u00f3menos religiosos e espirituais que t\u00eam \u201cdestru\u00eddo as fam\u00edlias e colocado [&hellip;]<\/p>\n","protected":false},"author":3,"featured_media":3255,"comment_status":"open","ping_status":"open","sticky":false,"template":"","format":"standard","meta":{"footnotes":""},"categories":[16],"tags":[1097],"class_list":["post-3254","post","type-post","status-publish","format-standard","has-post-thumbnail","hentry","category-actualidade","tag-adao-de-almeida"],"blocksy_meta":[],"_links":{"self":[{"href":"https:\/\/www.radiomais.ao\/index.php\/wp-json\/wp\/v2\/posts\/3254","targetHints":{"allow":["GET"]}}],"collection":[{"href":"https:\/\/www.radiomais.ao\/index.php\/wp-json\/wp\/v2\/posts"}],"about":[{"href":"https:\/\/www.radiomais.ao\/index.php\/wp-json\/wp\/v2\/types\/post"}],"author":[{"embeddable":true,"href":"https:\/\/www.radiomais.ao\/index.php\/wp-json\/wp\/v2\/users\/3"}],"replies":[{"embeddable":true,"href":"https:\/\/www.radiomais.ao\/index.php\/wp-json\/wp\/v2\/comments?post=3254"}],"version-history":[{"count":1,"href":"https:\/\/www.radiomais.ao\/index.php\/wp-json\/wp\/v2\/posts\/3254\/revisions"}],"predecessor-version":[{"id":3256,"href":"https:\/\/www.radiomais.ao\/index.php\/wp-json\/wp\/v2\/posts\/3254\/revisions\/3256"}],"wp:featuredmedia":[{"embeddable":true,"href":"https:\/\/www.radiomais.ao\/index.php\/wp-json\/wp\/v2\/media\/3255"}],"wp:attachment":[{"href":"https:\/\/www.radiomais.ao\/index.php\/wp-json\/wp\/v2\/media?parent=3254"}],"wp:term":[{"taxonomy":"category","embeddable":true,"href":"https:\/\/www.radiomais.ao\/index.php\/wp-json\/wp\/v2\/categories?post=3254"},{"taxonomy":"post_tag","embeddable":true,"href":"https:\/\/www.radiomais.ao\/index.php\/wp-json\/wp\/v2\/tags?post=3254"}],"curies":[{"name":"wp","href":"https:\/\/api.w.org\/{rel}","templated":true}]}}