{"id":3258,"date":"2025-12-10T09:11:56","date_gmt":"2025-12-10T08:11:56","guid":{"rendered":"https:\/\/www.radiomais.ao\/?p=3258"},"modified":"2025-12-10T09:11:56","modified_gmt":"2025-12-10T08:11:56","slug":"cabinda-ganha-centro-integrado-de-seguranca-publica-para-monitorizar-e-combater-crimes-transfronteiricos","status":"publish","type":"post","link":"https:\/\/www.radiomais.ao\/index.php\/2025\/12\/10\/cabinda-ganha-centro-integrado-de-seguranca-publica-para-monitorizar-e-combater-crimes-transfronteiricos\/","title":{"rendered":"Cabinda ganha Centro Integrado de Seguran\u00e7a P\u00fablica para monitorizar e combater crimes transfronteiri\u00e7os\u00a0."},"content":{"rendered":"\n<p><strong>A prov\u00edncia de Cabinda conta, desde ontem, Ter\u00e7a-feira, com um Centro Integrado de Seguran\u00e7a P\u00fablica (CISP), devidamente equipado com 200 computadores e 184 c\u00e2maras instaladas. A infra-estrutura, constru\u00edda de raiz e dotada de v\u00e1rios sistemas tecnol\u00f3gicos, vai auxiliar os \u00f3rg\u00e3os que operam na seguran\u00e7a p\u00fablica a dar respostas em tempo real \u00e0s ac\u00e7\u00f5es de emerg\u00eancias que ocorrem na prov\u00edncia<\/strong>. Fonte <strong><em><a href=\"https:\/\/www.opais.ao\/politica\/cabinda-ganha-centro-integrado-de-seguranca-publica-para-monitorizar-e-combater-crimes-transfronteiricos-de-contrabando-de-combustivel-e-imigracao-ilegal\/\">Opa\u00eds<\/a><\/em><\/strong><\/p>\n","protected":false},"excerpt":{"rendered":"<p>A prov\u00edncia de Cabinda conta, desde ontem, Ter\u00e7a-feira, com um Centro Integrado de Seguran\u00e7a P\u00fablica (CISP), devidamente equipado com 200 computadores e 184 c\u00e2maras instaladas. A infra-estrutura, constru\u00edda de raiz e dotada de v\u00e1rios sistemas tecnol\u00f3gicos, vai auxiliar os \u00f3rg\u00e3os que operam na seguran\u00e7a p\u00fablica a dar respostas em tempo real \u00e0s ac\u00e7\u00f5es de emerg\u00eancias [&hellip;]<\/p>\n","protected":false},"author":3,"featured_media":3259,"comment_status":"open","ping_status":"open","sticky":false,"template":"","format":"standard","meta":{"footnotes":""},"categories":[16],"tags":[137,1289,1108,1290],"class_list":["post-3258","post","type-post","status-publish","format-standard","has-post-thumbnail","hentry","category-actualidade","tag-cabinda","tag-centro-integrado-de-vigilancia-publica","tag-crimes","tag-monitorizacao"],"blocksy_meta":[],"_links":{"self":[{"href":"https:\/\/www.radiomais.ao\/index.php\/wp-json\/wp\/v2\/posts\/3258","targetHints":{"allow":["GET"]}}],"collection":[{"href":"https:\/\/www.radiomais.ao\/index.php\/wp-json\/wp\/v2\/posts"}],"about":[{"href":"https:\/\/www.radiomais.ao\/index.php\/wp-json\/wp\/v2\/types\/post"}],"author":[{"embeddable":true,"href":"https:\/\/www.radiomais.ao\/index.php\/wp-json\/wp\/v2\/users\/3"}],"replies":[{"embeddable":true,"href":"https:\/\/www.radiomais.ao\/index.php\/wp-json\/wp\/v2\/comments?post=3258"}],"version-history":[{"count":1,"href":"https:\/\/www.radiomais.ao\/index.php\/wp-json\/wp\/v2\/posts\/3258\/revisions"}],"predecessor-version":[{"id":3260,"href":"https:\/\/www.radiomais.ao\/index.php\/wp-json\/wp\/v2\/posts\/3258\/revisions\/3260"}],"wp:featuredmedia":[{"embeddable":true,"href":"https:\/\/www.radiomais.ao\/index.php\/wp-json\/wp\/v2\/media\/3259"}],"wp:attachment":[{"href":"https:\/\/www.radiomais.ao\/index.php\/wp-json\/wp\/v2\/media?parent=3258"}],"wp:term":[{"taxonomy":"category","embeddable":true,"href":"https:\/\/www.radiomais.ao\/index.php\/wp-json\/wp\/v2\/categories?post=3258"},{"taxonomy":"post_tag","embeddable":true,"href":"https:\/\/www.radiomais.ao\/index.php\/wp-json\/wp\/v2\/tags?post=3258"}],"curies":[{"name":"wp","href":"https:\/\/api.w.org\/{rel}","templated":true}]}}