{"id":3261,"date":"2025-12-10T09:16:18","date_gmt":"2025-12-10T08:16:18","guid":{"rendered":"https:\/\/www.radiomais.ao\/?p=3261"},"modified":"2025-12-10T09:16:18","modified_gmt":"2025-12-10T08:16:18","slug":"especulacao-de-precos-no-mercado-imobiliario-pode-ter-os-dias-contados","status":"publish","type":"post","link":"https:\/\/www.radiomais.ao\/index.php\/2025\/12\/10\/especulacao-de-precos-no-mercado-imobiliario-pode-ter-os-dias-contados\/","title":{"rendered":"Especula\u00e7\u00e3o de pre\u00e7os no mercado imobili\u00e1rio pode ter os dias contados."},"content":{"rendered":"\n<p><strong>Conter a especula\u00e7\u00e3o imobili\u00e1ria e ampliar o acesso \u00e0 habita\u00e7\u00e3o est\u00e3o entre as prioridades do Executivo para 2026, visando dar maior previsibilidade \u00e0s despesas das fam\u00edlias e estabilizar um sector marcado por fortes assimetrias. As medidas integram o pacote de Dinamiza\u00e7\u00e3o do Mercado Imobili\u00e1rio, que procura combater pr\u00e1ticas abusivas e garantir maior transpar\u00eancia<\/strong>. Fonte <strong><em><a href=\"https:\/\/www.radiomais.ao\/wp-admin\/post-new.php\">Opa\u00eds<\/a><\/em><\/strong><\/p>\n","protected":false},"excerpt":{"rendered":"<p>Conter a especula\u00e7\u00e3o imobili\u00e1ria e ampliar o acesso \u00e0 habita\u00e7\u00e3o est\u00e3o entre as prioridades do Executivo para 2026, visando dar maior previsibilidade \u00e0s despesas das fam\u00edlias e estabilizar um sector marcado por fortes assimetrias. As medidas integram o pacote de Dinamiza\u00e7\u00e3o do Mercado Imobili\u00e1rio, que procura combater pr\u00e1ticas abusivas e garantir maior transpar\u00eancia. Fonte Opa\u00eds<\/p>\n","protected":false},"author":3,"featured_media":3262,"comment_status":"open","ping_status":"open","sticky":false,"template":"","format":"standard","meta":{"footnotes":""},"categories":[16],"tags":[85,1291],"class_list":["post-3261","post","type-post","status-publish","format-standard","has-post-thumbnail","hentry","category-actualidade","tag-especulacao","tag-mercado-imobiliario"],"blocksy_meta":[],"_links":{"self":[{"href":"https:\/\/www.radiomais.ao\/index.php\/wp-json\/wp\/v2\/posts\/3261","targetHints":{"allow":["GET"]}}],"collection":[{"href":"https:\/\/www.radiomais.ao\/index.php\/wp-json\/wp\/v2\/posts"}],"about":[{"href":"https:\/\/www.radiomais.ao\/index.php\/wp-json\/wp\/v2\/types\/post"}],"author":[{"embeddable":true,"href":"https:\/\/www.radiomais.ao\/index.php\/wp-json\/wp\/v2\/users\/3"}],"replies":[{"embeddable":true,"href":"https:\/\/www.radiomais.ao\/index.php\/wp-json\/wp\/v2\/comments?post=3261"}],"version-history":[{"count":1,"href":"https:\/\/www.radiomais.ao\/index.php\/wp-json\/wp\/v2\/posts\/3261\/revisions"}],"predecessor-version":[{"id":3263,"href":"https:\/\/www.radiomais.ao\/index.php\/wp-json\/wp\/v2\/posts\/3261\/revisions\/3263"}],"wp:featuredmedia":[{"embeddable":true,"href":"https:\/\/www.radiomais.ao\/index.php\/wp-json\/wp\/v2\/media\/3262"}],"wp:attachment":[{"href":"https:\/\/www.radiomais.ao\/index.php\/wp-json\/wp\/v2\/media?parent=3261"}],"wp:term":[{"taxonomy":"category","embeddable":true,"href":"https:\/\/www.radiomais.ao\/index.php\/wp-json\/wp\/v2\/categories?post=3261"},{"taxonomy":"post_tag","embeddable":true,"href":"https:\/\/www.radiomais.ao\/index.php\/wp-json\/wp\/v2\/tags?post=3261"}],"curies":[{"name":"wp","href":"https:\/\/api.w.org\/{rel}","templated":true}]}}