{"id":3264,"date":"2025-12-10T09:19:57","date_gmt":"2025-12-10T08:19:57","guid":{"rendered":"https:\/\/www.radiomais.ao\/?p=3264"},"modified":"2025-12-10T09:19:57","modified_gmt":"2025-12-10T08:19:57","slug":"policia-suspeito-de-apreensao-indevida-de-uma-motorizada-no-icolo-e-bengo-detido-pelos-orgaos-inspectivos","status":"publish","type":"post","link":"https:\/\/www.radiomais.ao\/index.php\/2025\/12\/10\/policia-suspeito-de-apreensao-indevida-de-uma-motorizada-no-icolo-e-bengo-detido-pelos-orgaos-inspectivos\/","title":{"rendered":"Pol\u00edcia suspeito de apreens\u00e3o indevida de uma motorizada no Icolo e Bengo detido pelos \u00f3rg\u00e3os inspectivos."},"content":{"rendered":"\n<p>A Pol\u00edcia Nacional, na prov\u00edncia de Icolo e Bengo, anunciou, esta ter\u00e7a-feira, 09, que j\u00e1 se encontra sob cust\u00f3dia dos \u00f3rg\u00e3os inspectivos para a devida responsabiliza\u00e7\u00e3o, o oficial que supostamente queria proceder \u00e0 apreens\u00e3o indevida de uma motorizada, nesta segunda-feira, no munic\u00edpio do Calumbo, distrito urbano do Zango II.<br>\u200e<br>\u200eO oficial, segundo um comunicado de imprensa do Gabinete de Comunica\u00e7\u00e3o Institucional e Imprensa da PNA, naquela regi\u00e3o, assinado pelo intendente Euler Manuel Matari, foi detido ap\u00f3s instaura\u00e7\u00e3o de um procedimento de averigua\u00e7\u00e3o, tendo em vista o esclarecimento dos factos. Fonte <strong><em><a href=\"https:\/\/www.opais.ao\/sociedade\/policia-suspeito-de-apreensao-indevida-de-uma-motorizada-no-icolo-e-bengo-detido-pelos-orgaos-inspectivos\/\">Opa\u00eds<\/a><\/em><\/strong><br>\u200e<\/p>\n","protected":false},"excerpt":{"rendered":"<p>A Pol\u00edcia Nacional, na prov\u00edncia de Icolo e Bengo, anunciou, esta ter\u00e7a-feira, 09, que j\u00e1 se encontra sob cust\u00f3dia dos \u00f3rg\u00e3os inspectivos para a devida responsabiliza\u00e7\u00e3o, o oficial que supostamente queria proceder \u00e0 apreens\u00e3o indevida de uma motorizada, nesta segunda-feira, no munic\u00edpio do Calumbo, distrito urbano do Zango II.\u200e\u200eO oficial, segundo um comunicado de imprensa [&hellip;]<\/p>\n","protected":false},"author":3,"featured_media":3265,"comment_status":"open","ping_status":"open","sticky":false,"template":"","format":"standard","meta":{"footnotes":""},"categories":[16],"tags":[1292,546,1293],"class_list":["post-3264","post","type-post","status-publish","format-standard","has-post-thumbnail","hentry","category-actualidade","tag-apreensao-indevida","tag-detido","tag-policia"],"blocksy_meta":[],"_links":{"self":[{"href":"https:\/\/www.radiomais.ao\/index.php\/wp-json\/wp\/v2\/posts\/3264","targetHints":{"allow":["GET"]}}],"collection":[{"href":"https:\/\/www.radiomais.ao\/index.php\/wp-json\/wp\/v2\/posts"}],"about":[{"href":"https:\/\/www.radiomais.ao\/index.php\/wp-json\/wp\/v2\/types\/post"}],"author":[{"embeddable":true,"href":"https:\/\/www.radiomais.ao\/index.php\/wp-json\/wp\/v2\/users\/3"}],"replies":[{"embeddable":true,"href":"https:\/\/www.radiomais.ao\/index.php\/wp-json\/wp\/v2\/comments?post=3264"}],"version-history":[{"count":1,"href":"https:\/\/www.radiomais.ao\/index.php\/wp-json\/wp\/v2\/posts\/3264\/revisions"}],"predecessor-version":[{"id":3266,"href":"https:\/\/www.radiomais.ao\/index.php\/wp-json\/wp\/v2\/posts\/3264\/revisions\/3266"}],"wp:featuredmedia":[{"embeddable":true,"href":"https:\/\/www.radiomais.ao\/index.php\/wp-json\/wp\/v2\/media\/3265"}],"wp:attachment":[{"href":"https:\/\/www.radiomais.ao\/index.php\/wp-json\/wp\/v2\/media?parent=3264"}],"wp:term":[{"taxonomy":"category","embeddable":true,"href":"https:\/\/www.radiomais.ao\/index.php\/wp-json\/wp\/v2\/categories?post=3264"},{"taxonomy":"post_tag","embeddable":true,"href":"https:\/\/www.radiomais.ao\/index.php\/wp-json\/wp\/v2\/tags?post=3264"}],"curies":[{"name":"wp","href":"https:\/\/api.w.org\/{rel}","templated":true}]}}