{"id":3267,"date":"2025-12-10T09:27:19","date_gmt":"2025-12-10T08:27:19","guid":{"rendered":"https:\/\/www.radiomais.ao\/?p=3267"},"modified":"2025-12-10T09:27:19","modified_gmt":"2025-12-10T08:27:19","slug":"apreendidas-mais-de-200-toneladas-de-materia-prima-expirada-supostamente-usadas-no-fabrico-de-sabao","status":"publish","type":"post","link":"https:\/\/www.radiomais.ao\/index.php\/2025\/12\/10\/apreendidas-mais-de-200-toneladas-de-materia-prima-expirada-supostamente-usadas-no-fabrico-de-sabao\/","title":{"rendered":"Apreendidas mais de 200 toneladas de mat\u00e9ria-prima expirada supostamente usadas no fabrico de sab\u00e3o."},"content":{"rendered":"\n<p>Os efectivos da Pol\u00edcia Nacional, no Icolo e Bengo, procedeu \u00e0 apreens\u00e3o, ontem, nas instala\u00e7\u00f5es de um dos armaz\u00e9ns da empresa Suave, no munic\u00edpio de Cab\u00edri, 219 toneladas de mat\u00e9ria-prima expirada, que supostamente era utilizada para o fabrico de fraldas descart\u00e1veis e sab\u00e3o em barra.<br>\u200e<br>\u200eA apreens\u00e3o do produto, de acordo com a informa\u00e7\u00e3o avan\u00e7ada pelo porta-voz da Pol\u00edcia Nacional naquela regi\u00e3o, intendente Euler Matari, foi poss\u00edvel ap\u00f3s a deten\u00e7\u00e3o de um dos seguran\u00e7as do estabelecimento, que ter\u00e1 sido denunciado de ter furtado da empresa sacos de granulados de sab\u00e3o. Fonte <strong><em><a href=\"https:\/\/www.opais.ao\/sociedade\/apreendidas-mais-de-200-toneladas-de-materia-prima-expirada-supostamente-usadas-no-fabrico-de-sabao\/\">Opa\u00eds<\/a><\/em><\/strong><\/p>\n","protected":false},"excerpt":{"rendered":"<p>Os efectivos da Pol\u00edcia Nacional, no Icolo e Bengo, procedeu \u00e0 apreens\u00e3o, ontem, nas instala\u00e7\u00f5es de um dos armaz\u00e9ns da empresa Suave, no munic\u00edpio de Cab\u00edri, 219 toneladas de mat\u00e9ria-prima expirada, que supostamente era utilizada para o fabrico de fraldas descart\u00e1veis e sab\u00e3o em barra.\u200e\u200eA apreens\u00e3o do produto, de acordo com a informa\u00e7\u00e3o avan\u00e7ada pelo [&hellip;]<\/p>\n","protected":false},"author":3,"featured_media":3268,"comment_status":"open","ping_status":"open","sticky":false,"template":"","format":"standard","meta":{"footnotes":""},"categories":[16],"tags":[1294,1297,1296,1295],"class_list":["post-3267","post","type-post","status-publish","format-standard","has-post-thumbnail","hentry","category-actualidade","tag-200-toneladas","tag-detida","tag-expirada","tag-materia-prima-para-sabao"],"blocksy_meta":[],"_links":{"self":[{"href":"https:\/\/www.radiomais.ao\/index.php\/wp-json\/wp\/v2\/posts\/3267","targetHints":{"allow":["GET"]}}],"collection":[{"href":"https:\/\/www.radiomais.ao\/index.php\/wp-json\/wp\/v2\/posts"}],"about":[{"href":"https:\/\/www.radiomais.ao\/index.php\/wp-json\/wp\/v2\/types\/post"}],"author":[{"embeddable":true,"href":"https:\/\/www.radiomais.ao\/index.php\/wp-json\/wp\/v2\/users\/3"}],"replies":[{"embeddable":true,"href":"https:\/\/www.radiomais.ao\/index.php\/wp-json\/wp\/v2\/comments?post=3267"}],"version-history":[{"count":1,"href":"https:\/\/www.radiomais.ao\/index.php\/wp-json\/wp\/v2\/posts\/3267\/revisions"}],"predecessor-version":[{"id":3269,"href":"https:\/\/www.radiomais.ao\/index.php\/wp-json\/wp\/v2\/posts\/3267\/revisions\/3269"}],"wp:featuredmedia":[{"embeddable":true,"href":"https:\/\/www.radiomais.ao\/index.php\/wp-json\/wp\/v2\/media\/3268"}],"wp:attachment":[{"href":"https:\/\/www.radiomais.ao\/index.php\/wp-json\/wp\/v2\/media?parent=3267"}],"wp:term":[{"taxonomy":"category","embeddable":true,"href":"https:\/\/www.radiomais.ao\/index.php\/wp-json\/wp\/v2\/categories?post=3267"},{"taxonomy":"post_tag","embeddable":true,"href":"https:\/\/www.radiomais.ao\/index.php\/wp-json\/wp\/v2\/tags?post=3267"}],"curies":[{"name":"wp","href":"https:\/\/api.w.org\/{rel}","templated":true}]}}