{"id":3273,"date":"2025-12-10T09:50:38","date_gmt":"2025-12-10T08:50:38","guid":{"rendered":"https:\/\/www.radiomais.ao\/?p=3273"},"modified":"2025-12-10T10:02:28","modified_gmt":"2025-12-10T09:02:28","slug":"corpo-do-adolescente-arrastado-pelas-chuvas-encontrado-em-vala-de-retencao-do-catinton","status":"publish","type":"post","link":"https:\/\/www.radiomais.ao\/index.php\/2025\/12\/10\/corpo-do-adolescente-arrastado-pelas-chuvas-encontrado-em-vala-de-retencao-do-catinton\/","title":{"rendered":"Corpo do adolescente arrastado pela correnteza encontrado em vala de reten\u00e7\u00e3o do Catinton ."},"content":{"rendered":"\n<p>O corpo do adolescente Pedro No\u00e9 Caholo, de 14 anos, desaparecido ap\u00f3s ter sido arrastado pela correnteza de uma vala no Bairro Rasta, foi encontrado na manh\u00e3 de ontem na vala de reten\u00e7\u00e3o do Catinton.<\/p>\n\n\n\n<figure class=\"wp-block-embed is-type-rich is-provider-soundcloud wp-block-embed-soundcloud\"><div class=\"wp-block-embed__wrapper\">\n<iframe title=\"Corpo do adolescente arrastado pelas correntezas encontrado em vala de reten\u00e7\u00e3o do catinton by RadioMais\" width=\"1290\" height=\"400\" scrolling=\"no\" frameborder=\"no\" src=\"https:\/\/w.soundcloud.com\/player\/?visual=true&#038;url=https%3A%2F%2Fapi.soundcloud.com%2Ftracks%2F2227136282&#038;show_artwork=true&#038;maxheight=1000&#038;maxwidth=1290\"><\/iframe>\n<\/div><\/figure>\n","protected":false},"excerpt":{"rendered":"<p>O corpo do adolescente Pedro No\u00e9 Caholo, de 14 anos, desaparecido ap\u00f3s ter sido arrastado pela correnteza de uma vala no Bairro Rasta, foi encontrado na manh\u00e3 de ontem na vala de reten\u00e7\u00e3o do Catinton.<\/p>\n","protected":false},"author":3,"featured_media":3274,"comment_status":"open","ping_status":"open","sticky":false,"template":"","format":"standard","meta":{"footnotes":""},"categories":[16],"tags":[1301,1300],"class_list":["post-3273","post","type-post","status-publish","format-standard","has-post-thumbnail","hentry","category-actualidade","tag-arrastado-pelas-chuvas","tag-corpo-de-adolescente"],"blocksy_meta":[],"_links":{"self":[{"href":"https:\/\/www.radiomais.ao\/index.php\/wp-json\/wp\/v2\/posts\/3273","targetHints":{"allow":["GET"]}}],"collection":[{"href":"https:\/\/www.radiomais.ao\/index.php\/wp-json\/wp\/v2\/posts"}],"about":[{"href":"https:\/\/www.radiomais.ao\/index.php\/wp-json\/wp\/v2\/types\/post"}],"author":[{"embeddable":true,"href":"https:\/\/www.radiomais.ao\/index.php\/wp-json\/wp\/v2\/users\/3"}],"replies":[{"embeddable":true,"href":"https:\/\/www.radiomais.ao\/index.php\/wp-json\/wp\/v2\/comments?post=3273"}],"version-history":[{"count":4,"href":"https:\/\/www.radiomais.ao\/index.php\/wp-json\/wp\/v2\/posts\/3273\/revisions"}],"predecessor-version":[{"id":3279,"href":"https:\/\/www.radiomais.ao\/index.php\/wp-json\/wp\/v2\/posts\/3273\/revisions\/3279"}],"wp:featuredmedia":[{"embeddable":true,"href":"https:\/\/www.radiomais.ao\/index.php\/wp-json\/wp\/v2\/media\/3274"}],"wp:attachment":[{"href":"https:\/\/www.radiomais.ao\/index.php\/wp-json\/wp\/v2\/media?parent=3273"}],"wp:term":[{"taxonomy":"category","embeddable":true,"href":"https:\/\/www.radiomais.ao\/index.php\/wp-json\/wp\/v2\/categories?post=3273"},{"taxonomy":"post_tag","embeddable":true,"href":"https:\/\/www.radiomais.ao\/index.php\/wp-json\/wp\/v2\/tags?post=3273"}],"curies":[{"name":"wp","href":"https:\/\/api.w.org\/{rel}","templated":true}]}}