{"id":3277,"date":"2025-12-10T10:32:30","date_gmt":"2025-12-10T09:32:30","guid":{"rendered":"https:\/\/www.radiomais.ao\/?p=3277"},"modified":"2025-12-10T10:32:30","modified_gmt":"2025-12-10T09:32:30","slug":"mpla-partido-que-governa-angola-celebra-hoje-69-anos-desde-a-sua-fundacao-em-1956","status":"publish","type":"post","link":"https:\/\/www.radiomais.ao\/index.php\/2025\/12\/10\/mpla-partido-que-governa-angola-celebra-hoje-69-anos-desde-a-sua-fundacao-em-1956\/","title":{"rendered":"MPLA, partido que governa Angola, celebra hoje, 69 anos desde a sua funda\u00e7\u00e3o em 1956."},"content":{"rendered":"\n<p>O Movimento Popular de Liberta\u00e7\u00e3o de Angola esteve em todas as frentes das grandes lutas que levaram o Pa\u00eds ao alcance da liberdade.<\/p>\n\n\n\n<p>O 10 Dezembro de 2025 ser\u00e1 marcado pela inaugura\u00e7\u00e3o da nova sede nacional do MPLA, localizada na avenida Ho Chin Min, em Luanda, e vai culminar com um acto de massas a ter lugar no pr\u00f3ximo S\u00e1bado, no Munic\u00edpio do Kilamba.<\/p>\n\n\n\n<figure class=\"wp-block-embed is-type-rich is-provider-soundcloud wp-block-embed-soundcloud\"><div class=\"wp-block-embed__wrapper\">\n<iframe title=\"MPLA 69 anos desde a sua funda\u00e7\u00e3o. by RadioMais\" width=\"1290\" height=\"400\" scrolling=\"no\" frameborder=\"no\" src=\"https:\/\/w.soundcloud.com\/player\/?visual=true&#038;url=https%3A%2F%2Fapi.soundcloud.com%2Ftracks%2F2227144391&#038;show_artwork=true&#038;maxheight=1000&#038;maxwidth=1290\"><\/iframe>\n<\/div><\/figure>\n","protected":false},"excerpt":{"rendered":"<p>O Movimento Popular de Liberta\u00e7\u00e3o de Angola esteve em todas as frentes das grandes lutas que levaram o Pa\u00eds ao alcance da liberdade. O 10 Dezembro de 2025 ser\u00e1 marcado pela inaugura\u00e7\u00e3o da nova sede nacional do MPLA, localizada na avenida Ho Chin Min, em Luanda, e vai culminar com um acto de massas a [&hellip;]<\/p>\n","protected":false},"author":3,"featured_media":3280,"comment_status":"open","ping_status":"open","sticky":false,"template":"","format":"standard","meta":{"footnotes":""},"categories":[16],"tags":[1302,1303,157],"class_list":["post-3277","post","type-post","status-publish","format-standard","has-post-thumbnail","hentry","category-actualidade","tag-69-anos","tag-comemora","tag-mpla"],"blocksy_meta":[],"_links":{"self":[{"href":"https:\/\/www.radiomais.ao\/index.php\/wp-json\/wp\/v2\/posts\/3277","targetHints":{"allow":["GET"]}}],"collection":[{"href":"https:\/\/www.radiomais.ao\/index.php\/wp-json\/wp\/v2\/posts"}],"about":[{"href":"https:\/\/www.radiomais.ao\/index.php\/wp-json\/wp\/v2\/types\/post"}],"author":[{"embeddable":true,"href":"https:\/\/www.radiomais.ao\/index.php\/wp-json\/wp\/v2\/users\/3"}],"replies":[{"embeddable":true,"href":"https:\/\/www.radiomais.ao\/index.php\/wp-json\/wp\/v2\/comments?post=3277"}],"version-history":[{"count":1,"href":"https:\/\/www.radiomais.ao\/index.php\/wp-json\/wp\/v2\/posts\/3277\/revisions"}],"predecessor-version":[{"id":3281,"href":"https:\/\/www.radiomais.ao\/index.php\/wp-json\/wp\/v2\/posts\/3277\/revisions\/3281"}],"wp:featuredmedia":[{"embeddable":true,"href":"https:\/\/www.radiomais.ao\/index.php\/wp-json\/wp\/v2\/media\/3280"}],"wp:attachment":[{"href":"https:\/\/www.radiomais.ao\/index.php\/wp-json\/wp\/v2\/media?parent=3277"}],"wp:term":[{"taxonomy":"category","embeddable":true,"href":"https:\/\/www.radiomais.ao\/index.php\/wp-json\/wp\/v2\/categories?post=3277"},{"taxonomy":"post_tag","embeddable":true,"href":"https:\/\/www.radiomais.ao\/index.php\/wp-json\/wp\/v2\/tags?post=3277"}],"curies":[{"name":"wp","href":"https:\/\/api.w.org\/{rel}","templated":true}]}}