{"id":3283,"date":"2025-12-10T10:50:30","date_gmt":"2025-12-10T09:50:30","guid":{"rendered":"https:\/\/www.radiomais.ao\/?p=3283"},"modified":"2025-12-10T10:50:30","modified_gmt":"2025-12-10T09:50:30","slug":"assinala-se-hoje-o-dia-internacional-dos-direitos-humanos","status":"publish","type":"post","link":"https:\/\/www.radiomais.ao\/index.php\/2025\/12\/10\/assinala-se-hoje-o-dia-internacional-dos-direitos-humanos\/","title":{"rendered":"Assinala-se hoje o Dia Internacional dos Direitos Humanos."},"content":{"rendered":"\n<p>estabelecido pela Organiza\u00e7\u00e3o das Na\u00e7\u00f5es Unidas.<\/p>\n\n\n\n<p>A data visa homenagear a ado\u00e7\u00e3o e proclama\u00e7\u00e3o pela Assembleia Geral das Na\u00e7\u00f5es Unidas, em 10 de dezembro de 1948, da Declara\u00e7\u00e3o Universal dos Direitos Humanos.<\/p>\n\n\n\n<p>A defini\u00e7\u00e3o do Dia dos Direitos Humanos ocorreu na 317\u00aa Reuni\u00e3o Plen\u00e1ria da Assembleia Geral, em 4 de dezembro de 1950.<\/p>\n\n\n\n<p>Em Angola, a situa\u00e7\u00e3o dos Direitos Humanos, marca passos em obedi\u00eancia a Declara\u00e7\u00e3o Universal, segundo especialistas ouvidos pela R\u00e1dio Mais.<\/p>\n\n\n\n<p>A Provedoria de Justi\u00e7a no quadro das suas responsabilidades voltadas para a salvaguarda dos direitos fundamentais, est\u00e1 a implementar em todo o Pa\u00eds, Salas de Audi\u00eancias Virtuais, para aproximar os servi\u00e7os aos cidad\u00e3os.<\/p>\n","protected":false},"excerpt":{"rendered":"<p>estabelecido pela Organiza\u00e7\u00e3o das Na\u00e7\u00f5es Unidas. A data visa homenagear a ado\u00e7\u00e3o e proclama\u00e7\u00e3o pela Assembleia Geral das Na\u00e7\u00f5es Unidas, em 10 de dezembro de 1948, da Declara\u00e7\u00e3o Universal dos Direitos Humanos. A defini\u00e7\u00e3o do Dia dos Direitos Humanos ocorreu na 317\u00aa Reuni\u00e3o Plen\u00e1ria da Assembleia Geral, em 4 de dezembro de 1950. Em Angola, [&hellip;]<\/p>\n","protected":false},"author":3,"featured_media":3284,"comment_status":"open","ping_status":"open","sticky":false,"template":"","format":"standard","meta":{"footnotes":""},"categories":[16],"tags":[1304],"class_list":["post-3283","post","type-post","status-publish","format-standard","has-post-thumbnail","hentry","category-actualidade","tag-dia-internacional-dos-direitos-humanos"],"blocksy_meta":[],"_links":{"self":[{"href":"https:\/\/www.radiomais.ao\/index.php\/wp-json\/wp\/v2\/posts\/3283","targetHints":{"allow":["GET"]}}],"collection":[{"href":"https:\/\/www.radiomais.ao\/index.php\/wp-json\/wp\/v2\/posts"}],"about":[{"href":"https:\/\/www.radiomais.ao\/index.php\/wp-json\/wp\/v2\/types\/post"}],"author":[{"embeddable":true,"href":"https:\/\/www.radiomais.ao\/index.php\/wp-json\/wp\/v2\/users\/3"}],"replies":[{"embeddable":true,"href":"https:\/\/www.radiomais.ao\/index.php\/wp-json\/wp\/v2\/comments?post=3283"}],"version-history":[{"count":1,"href":"https:\/\/www.radiomais.ao\/index.php\/wp-json\/wp\/v2\/posts\/3283\/revisions"}],"predecessor-version":[{"id":3285,"href":"https:\/\/www.radiomais.ao\/index.php\/wp-json\/wp\/v2\/posts\/3283\/revisions\/3285"}],"wp:featuredmedia":[{"embeddable":true,"href":"https:\/\/www.radiomais.ao\/index.php\/wp-json\/wp\/v2\/media\/3284"}],"wp:attachment":[{"href":"https:\/\/www.radiomais.ao\/index.php\/wp-json\/wp\/v2\/media?parent=3283"}],"wp:term":[{"taxonomy":"category","embeddable":true,"href":"https:\/\/www.radiomais.ao\/index.php\/wp-json\/wp\/v2\/categories?post=3283"},{"taxonomy":"post_tag","embeddable":true,"href":"https:\/\/www.radiomais.ao\/index.php\/wp-json\/wp\/v2\/tags?post=3283"}],"curies":[{"name":"wp","href":"https:\/\/api.w.org\/{rel}","templated":true}]}}