{"id":3289,"date":"2025-12-10T12:51:20","date_gmt":"2025-12-10T11:51:20","guid":{"rendered":"https:\/\/www.radiomais.ao\/?p=3289"},"modified":"2025-12-10T12:51:20","modified_gmt":"2025-12-10T11:51:20","slug":"fortes-chuvas-privam-municipes-do-fornecimento-de-energia-em-malanje","status":"publish","type":"post","link":"https:\/\/www.radiomais.ao\/index.php\/2025\/12\/10\/fortes-chuvas-privam-municipes-do-fornecimento-de-energia-em-malanje\/","title":{"rendered":"Fortes chuvas privam mun\u00edcipes do fornecimento de energia em Malanje."},"content":{"rendered":"\n<p>Em Malanje v\u00e1rios munic\u00edpios est\u00e3o privados do fornecimento de energia, em consequ\u00eancia das fortes chuvas na regi\u00e3o.<\/p>\n\n\n\n<p>V\u00e1rios Postos de Transforma\u00e7\u00e3o est\u00e3o fora de funcionamento.<\/p>\n\n\n\n<p>As autoridades, tudo fazem para a reposi\u00e7\u00e3o da energia el\u00e9trica.<\/p>\n\n\n\n<figure class=\"wp-block-embed is-type-rich is-provider-soundcloud wp-block-embed-soundcloud\"><div class=\"wp-block-embed__wrapper\">\n<iframe title=\"Fortes chuvas privam mun\u00edcipes do fornecimento de energia em Malange by RadioMais\" width=\"1290\" height=\"400\" scrolling=\"no\" frameborder=\"no\" src=\"https:\/\/w.soundcloud.com\/player\/?visual=true&#038;url=https%3A%2F%2Fapi.soundcloud.com%2Ftracks%2F2227194512&#038;show_artwork=true&#038;maxheight=1000&#038;maxwidth=1290\"><\/iframe>\n<\/div><\/figure>\n","protected":false},"excerpt":{"rendered":"<p>Em Malanje v\u00e1rios munic\u00edpios est\u00e3o privados do fornecimento de energia, em consequ\u00eancia das fortes chuvas na regi\u00e3o. V\u00e1rios Postos de Transforma\u00e7\u00e3o est\u00e3o fora de funcionamento. As autoridades, tudo fazem para a reposi\u00e7\u00e3o da energia el\u00e9trica.<\/p>\n","protected":false},"author":3,"featured_media":3290,"comment_status":"open","ping_status":"open","sticky":false,"template":"","format":"standard","meta":{"footnotes":""},"categories":[16],"tags":[1238,266,221],"class_list":["post-3289","post","type-post","status-publish","format-standard","has-post-thumbnail","hentry","category-actualidade","tag-chuvas","tag-energia","tag-malanje"],"blocksy_meta":[],"_links":{"self":[{"href":"https:\/\/www.radiomais.ao\/index.php\/wp-json\/wp\/v2\/posts\/3289","targetHints":{"allow":["GET"]}}],"collection":[{"href":"https:\/\/www.radiomais.ao\/index.php\/wp-json\/wp\/v2\/posts"}],"about":[{"href":"https:\/\/www.radiomais.ao\/index.php\/wp-json\/wp\/v2\/types\/post"}],"author":[{"embeddable":true,"href":"https:\/\/www.radiomais.ao\/index.php\/wp-json\/wp\/v2\/users\/3"}],"replies":[{"embeddable":true,"href":"https:\/\/www.radiomais.ao\/index.php\/wp-json\/wp\/v2\/comments?post=3289"}],"version-history":[{"count":1,"href":"https:\/\/www.radiomais.ao\/index.php\/wp-json\/wp\/v2\/posts\/3289\/revisions"}],"predecessor-version":[{"id":3291,"href":"https:\/\/www.radiomais.ao\/index.php\/wp-json\/wp\/v2\/posts\/3289\/revisions\/3291"}],"wp:featuredmedia":[{"embeddable":true,"href":"https:\/\/www.radiomais.ao\/index.php\/wp-json\/wp\/v2\/media\/3290"}],"wp:attachment":[{"href":"https:\/\/www.radiomais.ao\/index.php\/wp-json\/wp\/v2\/media?parent=3289"}],"wp:term":[{"taxonomy":"category","embeddable":true,"href":"https:\/\/www.radiomais.ao\/index.php\/wp-json\/wp\/v2\/categories?post=3289"},{"taxonomy":"post_tag","embeddable":true,"href":"https:\/\/www.radiomais.ao\/index.php\/wp-json\/wp\/v2\/tags?post=3289"}],"curies":[{"name":"wp","href":"https:\/\/api.w.org\/{rel}","templated":true}]}}